{"id":62620,"date":"2023-11-28T21:02:31","date_gmt":"2023-11-29T03:02:31","guid":{"rendered":"http:\/\/www.zonaroja.com.mx\/?p=62620"},"modified":"2023-11-28T21:02:34","modified_gmt":"2023-11-29T03:02:34","slug":"de-nuevo-indolencia-del-ieepo-genera-protesta-de-normalistas","status":"publish","type":"post","link":"https:\/\/zonaroja.com.mx\/?p=62620","title":{"rendered":"De nuevo indolencia del IEEPO genera protesta de normalistas"},"content":{"rendered":"\n<p>Ismael Garc\u00eda M.\/Zona Roja.<\/p>\n\n\n\n<p>Oaxaca de Ju\u00e1rez, Oax., a 28 de noviembre de 2023.- De nueva cuenta, y por nula atenci\u00f3n del Instituto Estatal de Educaci\u00f3n P\u00fablica de Oaxaca, hubo protestas en el sector educativo.<\/p>\n\n\n\n<p>Esta vez, alrededor de 500 estudiantes normalistas marcharon de la fuente de las Ocho Regiones al z\u00f3calo de la capital, en defensa de la Escuela Normal de Educaci\u00f3n Especial (ENEE), respaldada por escolares de otros planteles.<\/p>\n\n\n\n<p>La movilizaci\u00f3n fue pac\u00edfica y no hubo pintas ni agresiones, durante la movilizaci\u00f3n que concluy\u00f3 en el z\u00f3calo de la ciudad.<\/p>\n\n\n\n<p>De acuerdo con uno de los voceros del movimiento, durante el mitin, el titular del IEEPO, Emilio Montero P\u00e9rez, se ha negado a atender la problem\u00e1tica en la Normal Especial.<\/p>\n\n\n\n<p>Record\u00f3 que en el a\u00f1o 2022 se firm\u00f3 una minuta de acuerdo donde ambas partes acordaron en avalar la licenciatura en Educaci\u00f3n Especial y que los cr\u00e9dito de la malla curricular se mantuvieran en 308.25 cr\u00e9ditos.<\/p>\n\n\n\n<p>Es decir, que quienes cursaran esta carrera, lograran matricularse como licenciados y no como t\u00e9cnicos; adem\u00e1s, se compromet\u00eda a que los estudiantes fueran copart\u00edcipes en el dise\u00f1o curricular.<\/p>\n\n\n\n<p>Sin embargo, a la fecha no se ha cumplido ninguno de los puntos acordados, denunciaron durante la movilizaci\u00f3n, por lo cual dieron a conocer que el de este martes es el inicio de una serie de protestas.<\/p>\n\n\n\n<p>\u201cQue se plantee una mesa de negociaci\u00f3n, para hacer valer nuestros derechos y para respaldar la minuta de acuerdos. Damos a conocer al gobierno de Salom\u00f3n Jara que no vamos a desistir y que hoy inicia nuestra movilizaci\u00f3n para concretar los acuerdos establecidos\u201d, recalc\u00f3. Tras ello, alrededor de las 14:00 horas se retiraron del z\u00f3calo.<\/p>\n\n\n\n<figure class=\"wp-block-embed\"><div class=\"wp-block-embed__wrapper\">\nhttps:\/\/x.com\/ZonaRoja_Oaxaca\/status\/1729611050025148597?s=20\n<\/div><\/figure>\n","protected":false},"excerpt":{"rendered":"<p>Ismael Garc\u00eda M.\/Zona Roja. Oaxaca de Ju\u00e1rez, Oax., a 28 de noviembre de 2023.- De&hellip;<\/p>\n","protected":false},"author":2,"featured_media":62621,"comment_status":"closed","ping_status":"open","sticky":false,"template":"","format":"standard","meta":{"_lmt_disableupdate":"","_lmt_disable":"","_jetpack_memberships_contains_paid_content":false,"footnotes":""},"categories":[109,47],"tags":[1916],"class_list":["post-62620","post","type-post","status-publish","format-standard","has-post-thumbnail","hentry","category-minuto-a-minuto","category-zona-gris","tag-protestas-estudiantes-normalistas-de-oaxaca"],"jetpack_featured_media_url":"https:\/\/zonaroja.com.mx\/wp-content\/uploads\/2023\/11\/Marcha-normalistas-Educacion-Especial.jpg","jetpack_sharing_enabled":true,"_links":{"self":[{"href":"https:\/\/zonaroja.com.mx\/index.php?rest_route=\/wp\/v2\/posts\/62620","targetHints":{"allow":["GET"]}}],"collection":[{"href":"https:\/\/zonaroja.com.mx\/index.php?rest_route=\/wp\/v2\/posts"}],"about":[{"href":"https:\/\/zonaroja.com.mx\/index.php?rest_route=\/wp\/v2\/types\/post"}],"author":[{"embeddable":true,"href":"https:\/\/zonaroja.com.mx\/index.php?rest_route=\/wp\/v2\/users\/2"}],"replies":[{"embeddable":true,"href":"https:\/\/zonaroja.com.mx\/index.php?rest_route=%2Fwp%2Fv2%2Fcomments&post=62620"}],"version-history":[{"count":1,"href":"https:\/\/zonaroja.com.mx\/index.php?rest_route=\/wp\/v2\/posts\/62620\/revisions"}],"predecessor-version":[{"id":62622,"href":"https:\/\/zonaroja.com.mx\/index.php?rest_route=\/wp\/v2\/posts\/62620\/revisions\/62622"}],"wp:featuredmedia":[{"embeddable":true,"href":"https:\/\/zonaroja.com.mx\/index.php?rest_route=\/wp\/v2\/media\/62621"}],"wp:attachment":[{"href":"https:\/\/zonaroja.com.mx\/index.php?rest_route=%2Fwp%2Fv2%2Fmedia&parent=62620"}],"wp:term":[{"taxonomy":"category","embeddable":true,"href":"https:\/\/zonaroja.com.mx\/index.php?rest_route=%2Fwp%2Fv2%2Fcategories&post=62620"},{"taxonomy":"post_tag","embeddable":true,"href":"https:\/\/zonaroja.com.mx\/index.php?rest_route=%2Fwp%2Fv2%2Ftags&post=62620"}],"curies":[{"name":"wp","href":"https:\/\/api.w.org\/{rel}","templated":true}]}}