{"id":62627,"date":"2023-11-28T21:33:24","date_gmt":"2023-11-29T03:33:24","guid":{"rendered":"http:\/\/www.zonaroja.com.mx\/?p=62627"},"modified":"2023-11-28T21:33:27","modified_gmt":"2023-11-29T03:33:27","slug":"atacan-a-balazos-a-cuatro-periodistas-de-guerrero-tras-cubrir-un-hecho-criminal","status":"publish","type":"post","link":"https:\/\/zonaroja.com.mx\/?p=62627","title":{"rendered":"Atacan a balazos a cuatro periodistas de Guerrero, tras cubrir un hecho criminal"},"content":{"rendered":"\n<p>Redacci\u00f3n\/Zona Roja Cdmx.<\/p>\n\n\n\n<p>Ciudad de M\u00e9xico, a 28 de noviembre de 2023.- La violencia contra la prensa sigue imperando en el estado de Guerrero. Esta vez, cuatro periodistas fueron atacados con arma de fuego cuando volv\u00edan de transmitir el reporte sobre el homicidio de un transportista en la ciudad de Chilpancingo.<\/p>\n\n\n\n<p>De acuerdo con la Fiscal\u00eda General del Estado (FGE), la agresi\u00f3n ocurri\u00f3 aproximadamente a las 12:00 horas de este martes, cerca de las instalaciones del sexto Batall\u00f3n de Infanter\u00eda del Ej\u00e9rcito Mexicano,&nbsp;cuando el Jetta color negro en el que viajaban los comunicadores fue interceptado por dos individuos en una motocicleta, quienes abrieron fuego de manera directa con armas cortas.<\/p>\n\n\n\n<p>Al lugar arribaron elementos de la Guardia Nacional, polic\u00edas municipales y param\u00e9dicos, quienes confirmaron que, aunque tres de ellos sufrieron heridas de bala, todos se encontraban con vida, por lo que fueron trasladados a un hospital local.<\/p>\n\n\n\n<p>Las v\u00edctimas fueron identificadas como V\u00edctor Mateo de la agencia \u201cQuadrat\u00edn\u201d, Jes\u00fas de la Cruz Nava de \u201cObjetivo\u201d, \u00d3scar Guerrero de \u201cAmapola Periodismo\u201d, y H\u00e9ctor Camacho de \u201cRedacci\u00f3n\u201d.<\/p>\n\n\n\n<p>Sin embargo, Milenio TV report\u00f3 que los dos primeros se encuentran graves: V\u00edctor Mateo recibi\u00f3 un disparo en el rostro y De la Cruz uno que le afect\u00f3 las cervicales. Mientras que \u00d3scar present\u00f3 lesiones en el brazo derecho y H\u00e9ctor sali\u00f3 ileso.<\/p>\n\n\n\n<p>Cabe mencionar que el chofer de transporte p\u00fablico fue asesinado a balazos en la colonia Las Palmas de esta ciudad. El crimen se report\u00f3 antes de las 11:00 de la ma\u00f1ana. La v\u00edctima manejaba una Urvan de la ruta 4 de Abril-Mercado, con n\u00famero econ\u00f3mico 544.<\/p>\n","protected":false},"excerpt":{"rendered":"<p>Redacci\u00f3n\/Zona Roja Cdmx. Ciudad de M\u00e9xico, a 28 de noviembre de 2023.- La violencia contra&hellip;<\/p>\n","protected":false},"author":2,"featured_media":62628,"comment_status":"closed","ping_status":"open","sticky":false,"template":"","format":"standard","meta":{"_lmt_disableupdate":"","_lmt_disable":"","_jetpack_memberships_contains_paid_content":false,"footnotes":""},"categories":[109,47],"tags":[3554],"class_list":["post-62627","post","type-post","status-publish","format-standard","has-post-thumbnail","hentry","category-minuto-a-minuto","category-zona-gris","tag-agresion-a-periodistas-en-mexico"],"jetpack_featured_media_url":"https:\/\/zonaroja.com.mx\/wp-content\/uploads\/2023\/11\/Periodistas-atacados-Guerrero.jpg","jetpack_sharing_enabled":true,"_links":{"self":[{"href":"https:\/\/zonaroja.com.mx\/index.php?rest_route=\/wp\/v2\/posts\/62627","targetHints":{"allow":["GET"]}}],"collection":[{"href":"https:\/\/zonaroja.com.mx\/index.php?rest_route=\/wp\/v2\/posts"}],"about":[{"href":"https:\/\/zonaroja.com.mx\/index.php?rest_route=\/wp\/v2\/types\/post"}],"author":[{"embeddable":true,"href":"https:\/\/zonaroja.com.mx\/index.php?rest_route=\/wp\/v2\/users\/2"}],"replies":[{"embeddable":true,"href":"https:\/\/zonaroja.com.mx\/index.php?rest_route=%2Fwp%2Fv2%2Fcomments&post=62627"}],"version-history":[{"count":1,"href":"https:\/\/zonaroja.com.mx\/index.php?rest_route=\/wp\/v2\/posts\/62627\/revisions"}],"predecessor-version":[{"id":62629,"href":"https:\/\/zonaroja.com.mx\/index.php?rest_route=\/wp\/v2\/posts\/62627\/revisions\/62629"}],"wp:featuredmedia":[{"embeddable":true,"href":"https:\/\/zonaroja.com.mx\/index.php?rest_route=\/wp\/v2\/media\/62628"}],"wp:attachment":[{"href":"https:\/\/zonaroja.com.mx\/index.php?rest_route=%2Fwp%2Fv2%2Fmedia&parent=62627"}],"wp:term":[{"taxonomy":"category","embeddable":true,"href":"https:\/\/zonaroja.com.mx\/index.php?rest_route=%2Fwp%2Fv2%2Fcategories&post=62627"},{"taxonomy":"post_tag","embeddable":true,"href":"https:\/\/zonaroja.com.mx\/index.php?rest_route=%2Fwp%2Fv2%2Ftags&post=62627"}],"curies":[{"name":"wp","href":"https:\/\/api.w.org\/{rel}","templated":true}]}}