{"id":62635,"date":"2023-11-29T06:50:20","date_gmt":"2023-11-29T12:50:20","guid":{"rendered":"http:\/\/www.zonaroja.com.mx\/?p=62635"},"modified":"2023-11-29T06:50:24","modified_gmt":"2023-11-29T12:50:24","slug":"movimiento-por-ella-por-todas-crece-cada-dia-mas-en-el-pais","status":"publish","type":"post","link":"https:\/\/zonaroja.com.mx\/?p=62635","title":{"rendered":"Movimiento\u00a0\u201cPor Ella, Por Todas\u201d crece cada d\u00eda m\u00e1s en el pa\u00eds"},"content":{"rendered":"\n<p>Redacci\u00f3n\/Zona Roja.&nbsp;<\/p>\n\n\n\n<p>Oaxaca de Ju\u00e1rez, Oax. 29 de noviembre de 2023.-&nbsp;Durante el banderazo de salida de la carrera atl\u00e9tica familiar en el marco del \u201cD\u00eda Internacional para la Eliminaci\u00f3n de la Violencia contra las Mujeres\u201d en la Alameda de Le\u00f3n, la cofundadora del movimiento nacional&nbsp;\u201cPor Ella, Por Todas\u201d,&nbsp;Mariana Ben\u00edtez Tiburcio&nbsp;afirm\u00f3 que esta justa deportiva es un s\u00edmbolo de unidad y sororidad con las mujeres oaxaque\u00f1as.&nbsp;<\/p>\n\n\n\n<p>\u201cEs una causa que nos une a todas y todos tenemos que ser solidarias y unidas alzando la voz. Las cifras en el mundo son abrumadoras, ya que 1 de cada 3 mujeres en el mundo han sido violentadas por su pareja, han sufrido de violencia sexual, psicol\u00f3gica y f\u00edsica, esto es inaceptable\u201d, sostuvo durante su mensaje.&nbsp;<\/p>\n\n\n\n<p>La abogada y legisladora oaxaque\u00f1a destac\u00f3 la participaci\u00f3n de dos mil atletas hombres y mujeres que se unieron a la lucha contra la violencia de g\u00e9nero y recorrieron diversas calles en el Centro Hist\u00f3rico en las ramas libre varonil y femenil en distancias de 2.5, 5 y 10 kil\u00f3metros.&nbsp;<\/p>\n\n\n\n<p>\u201cNecesitamos miles de agentes de cambio en Oaxaca, en M\u00e9xico y en el mundo, y me da mucho gusto que en esta actividad participaran hombres que son pareja, que son padres e hijos, porque el cambio empieza desde casa\u201d, indic\u00f3.&nbsp;<\/p>\n\n\n\n<p>La abogada oaxaque\u00f1a,&nbsp;Mariana Ben\u00edtez Tiburciodijo que el movimiento&nbsp;\u201cPor Ella, Por Todas\u201d, tiene como objetivo impulsar una agenda de los derechos de las mujeres de cara al proceso electoral de 2024 y unir fuerzas para lograr que una mujer como&nbsp;Claudia Sheinbaum&nbsp;llegue a la Presidencia.<\/p>\n\n\n\n<p>Cabe destacar que a este encuentro asistieron mujeres integrantes de&nbsp;\u201cPor Ella, Por Todas\u201d en Oaxaca, as\u00ed como la coordinadora de este movimiento en el Estado de M\u00e9xico,&nbsp;Zully Mart\u00ednez, el rector de la Benem\u00e9rita Universidad de Oaxaca (BUO),&nbsp;David Mart\u00ednez&nbsp;y la directora del Instituto de Ciencias M\u00e9dicas de Oaxaca&nbsp;(IMEDI),&nbsp;Olga Herrera.<\/p>\n\n\n\n<p>Tambi\u00e9n participaron la directora de responsabilidad del Club de&nbsp;Alebrijes&nbsp;de Oaxaca FC,&nbsp;Mariana Perales,&nbsp;la coordinadora de&nbsp;I Run Oaxaca,&nbsp;Shantal Couti\u00f1o, as\u00ed como&nbsp;el&nbsp;director del Instituto del Deporte del Estado,&nbsp;Arturo de Jes\u00fas Ch\u00e1vez.<\/p>\n","protected":false},"excerpt":{"rendered":"<p>Redacci\u00f3n\/Zona Roja.&nbsp; Oaxaca de Ju\u00e1rez, Oax. 29 de noviembre de 2023.-&nbsp;Durante el banderazo de salida&hellip;<\/p>\n","protected":false},"author":2,"featured_media":62636,"comment_status":"closed","ping_status":"open","sticky":false,"template":"","format":"standard","meta":{"_lmt_disableupdate":"","_lmt_disable":"","_jetpack_memberships_contains_paid_content":false,"footnotes":""},"categories":[109,46],"tags":[2969],"class_list":["post-62635","post","type-post","status-publish","format-standard","has-post-thumbnail","hentry","category-minuto-a-minuto","category-zona-blanca","tag-mariana-benitez-tiburcio"],"jetpack_featured_media_url":"https:\/\/zonaroja.com.mx\/wp-content\/uploads\/2023\/11\/Carrera-atletica-Mariana-Benitez-.jpg","jetpack_sharing_enabled":true,"_links":{"self":[{"href":"https:\/\/zonaroja.com.mx\/index.php?rest_route=\/wp\/v2\/posts\/62635","targetHints":{"allow":["GET"]}}],"collection":[{"href":"https:\/\/zonaroja.com.mx\/index.php?rest_route=\/wp\/v2\/posts"}],"about":[{"href":"https:\/\/zonaroja.com.mx\/index.php?rest_route=\/wp\/v2\/types\/post"}],"author":[{"embeddable":true,"href":"https:\/\/zonaroja.com.mx\/index.php?rest_route=\/wp\/v2\/users\/2"}],"replies":[{"embeddable":true,"href":"https:\/\/zonaroja.com.mx\/index.php?rest_route=%2Fwp%2Fv2%2Fcomments&post=62635"}],"version-history":[{"count":1,"href":"https:\/\/zonaroja.com.mx\/index.php?rest_route=\/wp\/v2\/posts\/62635\/revisions"}],"predecessor-version":[{"id":62637,"href":"https:\/\/zonaroja.com.mx\/index.php?rest_route=\/wp\/v2\/posts\/62635\/revisions\/62637"}],"wp:featuredmedia":[{"embeddable":true,"href":"https:\/\/zonaroja.com.mx\/index.php?rest_route=\/wp\/v2\/media\/62636"}],"wp:attachment":[{"href":"https:\/\/zonaroja.com.mx\/index.php?rest_route=%2Fwp%2Fv2%2Fmedia&parent=62635"}],"wp:term":[{"taxonomy":"category","embeddable":true,"href":"https:\/\/zonaroja.com.mx\/index.php?rest_route=%2Fwp%2Fv2%2Fcategories&post=62635"},{"taxonomy":"post_tag","embeddable":true,"href":"https:\/\/zonaroja.com.mx\/index.php?rest_route=%2Fwp%2Fv2%2Ftags&post=62635"}],"curies":[{"name":"wp","href":"https:\/\/api.w.org\/{rel}","templated":true}]}}