{"id":6264,"date":"2019-12-01T22:10:00","date_gmt":"2019-12-02T04:10:00","guid":{"rendered":"http:\/\/www.zonaroja.com.mx\/?p=6264"},"modified":"2019-12-01T22:10:03","modified_gmt":"2019-12-02T04:10:03","slug":"aumenta-a-cuatro-las-victimas-en-rio-manso-lalana-hay-cuatro-detenidos","status":"publish","type":"post","link":"https:\/\/zonaroja.com.mx\/?p=6264","title":{"rendered":"Aumenta a cuatro las v\u00edctimas en R\u00edo Manso, Lalana; hay cuatro detenidos"},"content":{"rendered":"\n<p>Redacci\u00f3n\/Zona Roja.<\/p>\n\n\n\n<p>Oaxaca de Ju\u00e1rez, 1 de diciembre de 2019.- A cuatro aument\u00f3 el n\u00famero de personas asesinadas a balazos, durante un enfrentamiento entre civiles armados con militares, en San Jos\u00e9 R\u00edo Manso, San Juan Lalana.<\/p>\n\n\n\n<p>En un comunicado, la Fiscal\u00eda General\ndel Estado dio a conocer que tambi\u00e9n hay cuatro detenidos, de los cuales uno\nresult\u00f3 herido, y se confiscaron veh\u00edculos y ganado, presumiblemente robado.<\/p>\n\n\n\n<p>Indic\u00f3 que de acuerdo con reportes de\nla Vicefiscal\u00eda Regional de la Cuenca, los hechos ocurrieron la tarde de este\ndomingo sobre la calle 5 de mayo de la citada poblaci\u00f3n, cuando sujetos\ndesconocidos, a bordo de un convoy conformado por 10 veh\u00edculos, resguardaban\ncinco tractocamiones tipo torton, cargados de ganado vacuno presuntamente\nrobado de los predios y ranchos de la comunidad.<\/p>\n\n\n\n<p>Fue entonces que \u201cse encontraron con\npersonal militar del Sexto Regimiento de Caballer\u00eda, agredi\u00e9ndolos con disparos\nde arma de fuego.<\/p>\n\n\n\n<p>\u201cAl ser atacados, los militares\nrepelieron la agresi\u00f3n, iniciando un tiroteo cuyo saldo preliminar fue el\nfallecimiento de cuatro masculinos y un herido, mientras el resto de los\nagresores emprendieron la huida del lugar, con rumbo a la poblaci\u00f3n de Cerro Caliente\u201d.<\/p>\n\n\n\n<p>La Fiscal\u00eda a\u00f1adi\u00f3 que posterior al\ntiroteo, se logr\u00f3 la detenci\u00f3n de cuatro masculinos, A. R. R., de 46 a\u00f1os; L.\nM. L. S., de 23 a\u00f1os; E. V. T., de 30 a\u00f1os, y J. C. B. R., de 28 a\u00f1os, quien\nresult\u00f3 herido y fue trasladado a un hospital para su atenci\u00f3n m\u00e9dica.<\/p>\n\n\n\n<p>Asimismo, en el lugar de los hechos\nfueron asegurados los cinco tractocamiones con ganado, una camioneta Dodge Ram,\nuna camioneta Chevrolet Traverse, una camioneta tipo Hilux y un autom\u00f3vil\nToyota Yaris, as\u00ed como armas largas de diferente calibre.<\/p>\n\n\n\n<p>Expuso que ante ello, la Fiscal\u00eda\nGeneral inici\u00f3 las diligencias respectivas a trav\u00e9s de su personal del\nMinisterio P\u00fablico, Agentes Estatales de Investigaci\u00f3n y peritos, quienes\ntrabajan para aclarar estos hechos.<\/p>\n","protected":false},"excerpt":{"rendered":"<p>Redacci\u00f3n\/Zona Roja. Oaxaca de Ju\u00e1rez, 1 de diciembre de 2019.- A cuatro aument\u00f3 el n\u00famero&hellip;<\/p>\n","protected":false},"author":2,"featured_media":6265,"comment_status":"closed","ping_status":"open","sticky":false,"template":"","format":"standard","meta":{"_lmt_disableupdate":"","_lmt_disable":"","_jetpack_memberships_contains_paid_content":false,"footnotes":""},"categories":[109,51],"tags":[1083],"class_list":["post-6264","post","type-post","status-publish","format-standard","has-post-thumbnail","hentry","category-minuto-a-minuto","category-zona-roja","tag-san-juan-lalana"],"jetpack_featured_media_url":"https:\/\/zonaroja.com.mx\/wp-content\/uploads\/2019\/12\/Lalana-2.jpg","jetpack_sharing_enabled":true,"_links":{"self":[{"href":"https:\/\/zonaroja.com.mx\/index.php?rest_route=\/wp\/v2\/posts\/6264","targetHints":{"allow":["GET"]}}],"collection":[{"href":"https:\/\/zonaroja.com.mx\/index.php?rest_route=\/wp\/v2\/posts"}],"about":[{"href":"https:\/\/zonaroja.com.mx\/index.php?rest_route=\/wp\/v2\/types\/post"}],"author":[{"embeddable":true,"href":"https:\/\/zonaroja.com.mx\/index.php?rest_route=\/wp\/v2\/users\/2"}],"replies":[{"embeddable":true,"href":"https:\/\/zonaroja.com.mx\/index.php?rest_route=%2Fwp%2Fv2%2Fcomments&post=6264"}],"version-history":[{"count":1,"href":"https:\/\/zonaroja.com.mx\/index.php?rest_route=\/wp\/v2\/posts\/6264\/revisions"}],"predecessor-version":[{"id":6266,"href":"https:\/\/zonaroja.com.mx\/index.php?rest_route=\/wp\/v2\/posts\/6264\/revisions\/6266"}],"wp:featuredmedia":[{"embeddable":true,"href":"https:\/\/zonaroja.com.mx\/index.php?rest_route=\/wp\/v2\/media\/6265"}],"wp:attachment":[{"href":"https:\/\/zonaroja.com.mx\/index.php?rest_route=%2Fwp%2Fv2%2Fmedia&parent=6264"}],"wp:term":[{"taxonomy":"category","embeddable":true,"href":"https:\/\/zonaroja.com.mx\/index.php?rest_route=%2Fwp%2Fv2%2Fcategories&post=6264"},{"taxonomy":"post_tag","embeddable":true,"href":"https:\/\/zonaroja.com.mx\/index.php?rest_route=%2Fwp%2Fv2%2Ftags&post=6264"}],"curies":[{"name":"wp","href":"https:\/\/api.w.org\/{rel}","templated":true}]}}