{"id":62640,"date":"2023-11-29T09:30:00","date_gmt":"2023-11-29T15:30:00","guid":{"rendered":"http:\/\/www.zonaroja.com.mx\/?p=62640"},"modified":"2023-11-29T07:28:50","modified_gmt":"2023-11-29T13:28:50","slug":"acusa-el-multi-otro-desden-en-mesa-de-dialogo-seguira-protesta-en-cdmx","status":"publish","type":"post","link":"https:\/\/zonaroja.com.mx\/?p=62640","title":{"rendered":"Acusa el MULTI otro desd\u00e9n en mesa de di\u00e1logo; seguir\u00e1 protesta en Cdmx"},"content":{"rendered":"\n<p>Ismael Garc\u00eda M.\/Zona Roja.<\/p>\n\n\n\n<p>Oaxaca de Ju\u00e1rez, Oax., a 29 de noviembre de 202.- Por en\u00e9sima ocasi\u00f3n, ind\u00edgenas triquis que piden su retorno seguro a Tierra Blanca Copala, Oaxaca, se quedaron \u201cplantados\u201d en una mesa de di\u00e1logo, que se realizar\u00eda ayer en la Ciudad de M\u00e9xico.<\/p>\n\n\n\n<p>El Movimiento de Unificaci\u00f3n y Lucha Triqui Independiente (MULTI) difundi\u00f3 que sus militantes y v\u00edctimas de desplazamiento ten\u00edan programada ayer una reuni\u00f3n en la capital del pa\u00eds, con funcionarios del gobierno estatal y de la Secretar\u00eda de Gobernaci\u00f3n (Segob).<\/p>\n\n\n\n<p>\u201cEn el marco de la llegada de la Caravana contra la Guerra al Pueblo Triqui y a los Pueblos Zapatistas, se tuvo una mesa de trabajo el d\u00eda 24 del presente mes y a\u00f1o, con la presencia del subsecretario de Derechos Humanos de la Segob: Arturo Medina, y el secretario de Gobierno de Oaxaca: Jes\u00fas Romero, con los cuales se acord\u00f3 que el d\u00eda (ayer) de hoy se instalar\u00eda la mesa de implementaci\u00f3n de las medidas cautelares de la CIDH, que se\u00f1alan implementar un retorno seguro de las familias triquis desplazadas de Tierra Blanca Copala y el acceso a la justicia para la v\u00edctimas.<\/p>\n\n\n\n<p>\u201cSin embargo, al llegar a la mesa del d\u00eda de hoy (ayer), nos recibe el subsecretario de la Segob argumentando que el secretario de Gobierno, Jes\u00fas Romero, no pudo asistir a la mesa porque tuvo asuntos en el estado que atender sin se\u00f1alar una nueva fecha\u201d, difundi\u00f3 la organizaci\u00f3n a trav\u00e9s de un comunicado.<\/p>\n\n\n\n<p>Indic\u00f3 que el desd\u00e9n demuestra el desinter\u00e9s del gobierno de Oaxaca por atender la problem\u00e1tica en la zona triqui, obstaculizando con ello el proceso de la implementaci\u00f3n de la medida cautelar.<\/p>\n\n\n\n<p>Por ello, abund\u00f3, el movimiento continuar\u00e1 su jornada de lucha en la Ciudad de M\u00e9xico hasta que el gobierno estatal tome con seriedad la demanda de las v\u00edctimas de desplazamiento forzado de la regi\u00f3n triqui.&nbsp;<\/p>\n\n\n\n<p>Esta ma\u00f1ana, desde temprana hora, iniciaron una protesta y bloqueo vial frente al Palacio Nacional, en demanda de una audiencia con el Presidente Andr\u00e9s Manuel L\u00f3pez Obrador.<\/p>\n","protected":false},"excerpt":{"rendered":"<p>Ismael Garc\u00eda M.\/Zona Roja. Oaxaca de Ju\u00e1rez, Oax., a 29 de noviembre de 202.- Por&hellip;<\/p>\n","protected":false},"author":2,"featured_media":62643,"comment_status":"closed","ping_status":"open","sticky":false,"template":"","format":"standard","meta":{"_lmt_disableupdate":"","_lmt_disable":"","_jetpack_memberships_contains_paid_content":false,"footnotes":""},"categories":[109,47],"tags":[2411,1712],"class_list":["post-62640","post","type-post","status-publish","format-standard","has-post-thumbnail","hentry","category-minuto-a-minuto","category-zona-gris","tag-movimiento-de-unificacion-y-lucha-triqui-independiente-multi","tag-tierra-blanca-copala"],"jetpack_featured_media_url":"https:\/\/zonaroja.com.mx\/wp-content\/uploads\/2023\/11\/MULTI-Tierra-Blanca-Oaxaca-protesta.jpg","jetpack_sharing_enabled":true,"_links":{"self":[{"href":"https:\/\/zonaroja.com.mx\/index.php?rest_route=\/wp\/v2\/posts\/62640","targetHints":{"allow":["GET"]}}],"collection":[{"href":"https:\/\/zonaroja.com.mx\/index.php?rest_route=\/wp\/v2\/posts"}],"about":[{"href":"https:\/\/zonaroja.com.mx\/index.php?rest_route=\/wp\/v2\/types\/post"}],"author":[{"embeddable":true,"href":"https:\/\/zonaroja.com.mx\/index.php?rest_route=\/wp\/v2\/users\/2"}],"replies":[{"embeddable":true,"href":"https:\/\/zonaroja.com.mx\/index.php?rest_route=%2Fwp%2Fv2%2Fcomments&post=62640"}],"version-history":[{"count":1,"href":"https:\/\/zonaroja.com.mx\/index.php?rest_route=\/wp\/v2\/posts\/62640\/revisions"}],"predecessor-version":[{"id":62644,"href":"https:\/\/zonaroja.com.mx\/index.php?rest_route=\/wp\/v2\/posts\/62640\/revisions\/62644"}],"wp:featuredmedia":[{"embeddable":true,"href":"https:\/\/zonaroja.com.mx\/index.php?rest_route=\/wp\/v2\/media\/62643"}],"wp:attachment":[{"href":"https:\/\/zonaroja.com.mx\/index.php?rest_route=%2Fwp%2Fv2%2Fmedia&parent=62640"}],"wp:term":[{"taxonomy":"category","embeddable":true,"href":"https:\/\/zonaroja.com.mx\/index.php?rest_route=%2Fwp%2Fv2%2Fcategories&post=62640"},{"taxonomy":"post_tag","embeddable":true,"href":"https:\/\/zonaroja.com.mx\/index.php?rest_route=%2Fwp%2Fv2%2Ftags&post=62640"}],"curies":[{"name":"wp","href":"https:\/\/api.w.org\/{rel}","templated":true}]}}