{"id":62645,"date":"2023-11-29T10:29:00","date_gmt":"2023-11-29T16:29:00","guid":{"rendered":"http:\/\/www.zonaroja.com.mx\/?p=62645"},"modified":"2023-11-29T07:31:00","modified_gmt":"2023-11-29T13:31:00","slug":"aumenta-en-oaxaca-el-trabajo-remunerado-y-encabeza-lista-nacional-inegi","status":"publish","type":"post","link":"https:\/\/zonaroja.com.mx\/?p=62645","title":{"rendered":"Aumenta en Oaxaca el trabajo remunerado y encabeza lista nacional: Inegi"},"content":{"rendered":"\n<p>Yuridiana Sosa\/Zona Roja.<\/p>\n\n\n\n<p>Oaxaca de Ju\u00e1rez, Oax., a 29 de noviembre de 2023.- Oaxaca se posicion\u00f3 en primer lugar como la entidad con el mayor aumento en remuneraciones de los asalariados al segundo trimestre de este a\u00f1o, revel\u00f3 el Instituto Nacional de Estad\u00edstica y Geograf\u00eda (Inegi).<\/p>\n\n\n\n<p>Las Mediciones Trimestrales de los Puestos de Trabajo y sus Remuneraciones por Entidad Federativa (MTPTREF) se\u00f1al\u00f3 que, a nivel regional en el periodo abril-junio, Oaxaca registr\u00f3 un aumento de 13.6, respecto al ciclo anterior y respecto al mismo periodo del 2022.<\/p>\n\n\n\n<p>La entidad oaxaque\u00f1a rebas\u00f3 a Quintana Roo que registr\u00f3 un 13.5 por ciento; Baja California Sur, 11.8 por ciento;&nbsp; Yucat\u00e1n, 11.5 por ciento; Puebla, 11.1 por ciento y Sinaloa 11 por ciento.<\/p>\n\n\n\n<p>En tanto que durante el segundo trimestre, a nivel nacional, Oaxaca ocup\u00f3 el segundo entre las entidades con los mayores incrementos; &nbsp;Guerrero fue el primero con el 6.2 por ciento; tercer lugar, Chihuahua con el 5.1 por ciento; Baja California Sur, 4.5 por ciento; Hidalgo, 4.4 por ciento y Tlaxcala, 4.3.<\/p>\n\n\n\n<p>A nivel nacional, el total de puestos de trabajo remunerados de las actividades econ\u00f3micas registr\u00f3&nbsp; un aumento de 2.7 por ciento en su comparaci\u00f3n anual.<\/p>\n\n\n\n<p>En tanto que entre los periodos de abril y junio, las remuneraciones de los asalariados, a precios corrientes, presentaron un alza de 8.4 por ciento a tasa anual.&nbsp;<\/p>\n","protected":false},"excerpt":{"rendered":"<p>Yuridiana Sosa\/Zona Roja. Oaxaca de Ju\u00e1rez, Oax., a 29 de noviembre de 2023.- Oaxaca se&hellip;<\/p>\n","protected":false},"author":2,"featured_media":34845,"comment_status":"closed","ping_status":"open","sticky":false,"template":"","format":"standard","meta":{"_lmt_disableupdate":"","_lmt_disable":"","_jetpack_memberships_contains_paid_content":false,"footnotes":""},"categories":[109,46],"tags":[1331],"class_list":["post-62645","post","type-post","status-publish","format-standard","has-post-thumbnail","hentry","category-minuto-a-minuto","category-zona-blanca","tag-instituto-nacional-de-geografia-y-estadistica-inegi"],"jetpack_featured_media_url":"https:\/\/zonaroja.com.mx\/wp-content\/uploads\/2021\/11\/Empleo-oaxaca-Mexico.jpg","jetpack_sharing_enabled":true,"_links":{"self":[{"href":"https:\/\/zonaroja.com.mx\/index.php?rest_route=\/wp\/v2\/posts\/62645","targetHints":{"allow":["GET"]}}],"collection":[{"href":"https:\/\/zonaroja.com.mx\/index.php?rest_route=\/wp\/v2\/posts"}],"about":[{"href":"https:\/\/zonaroja.com.mx\/index.php?rest_route=\/wp\/v2\/types\/post"}],"author":[{"embeddable":true,"href":"https:\/\/zonaroja.com.mx\/index.php?rest_route=\/wp\/v2\/users\/2"}],"replies":[{"embeddable":true,"href":"https:\/\/zonaroja.com.mx\/index.php?rest_route=%2Fwp%2Fv2%2Fcomments&post=62645"}],"version-history":[{"count":1,"href":"https:\/\/zonaroja.com.mx\/index.php?rest_route=\/wp\/v2\/posts\/62645\/revisions"}],"predecessor-version":[{"id":62646,"href":"https:\/\/zonaroja.com.mx\/index.php?rest_route=\/wp\/v2\/posts\/62645\/revisions\/62646"}],"wp:featuredmedia":[{"embeddable":true,"href":"https:\/\/zonaroja.com.mx\/index.php?rest_route=\/wp\/v2\/media\/34845"}],"wp:attachment":[{"href":"https:\/\/zonaroja.com.mx\/index.php?rest_route=%2Fwp%2Fv2%2Fmedia&parent=62645"}],"wp:term":[{"taxonomy":"category","embeddable":true,"href":"https:\/\/zonaroja.com.mx\/index.php?rest_route=%2Fwp%2Fv2%2Fcategories&post=62645"},{"taxonomy":"post_tag","embeddable":true,"href":"https:\/\/zonaroja.com.mx\/index.php?rest_route=%2Fwp%2Fv2%2Ftags&post=62645"}],"curies":[{"name":"wp","href":"https:\/\/api.w.org\/{rel}","templated":true}]}}