{"id":62649,"date":"2023-11-29T12:30:00","date_gmt":"2023-11-29T18:30:00","guid":{"rendered":"http:\/\/www.zonaroja.com.mx\/?p=62649"},"modified":"2023-11-29T07:51:11","modified_gmt":"2023-11-29T13:51:11","slug":"piden-a-jara-cruz-continuidad-para-casa-de-las-ciencias-de-oaxaca-ieepo-ignora","status":"publish","type":"post","link":"https:\/\/zonaroja.com.mx\/?p=62649","title":{"rendered":"Piden a Jara Cruz continuidad para Casa de las Ciencias de Oaxaca; IEEPO ignora \u00a0"},"content":{"rendered":"\n<p>Yuridiana Sosa\/Zona Roja. &nbsp;<\/p>\n\n\n\n<p>Oaxaca de Ju\u00e1rez, Oax., a 26 de noviembre de 2023.- Ante la desatenci\u00f3n del titular del IEEPO, Emilio Montero L\u00f3pez, el Colectivo Casa de las Ciencias de Oaxaca&nbsp;(Cacio) demanda&nbsp;por medio de la plataforma digital Change.com la continuaci\u00f3n de este proyecto, con m\u00e1s de 20 a\u00f1os de servicio. &nbsp;<\/p>\n\n\n\n<p>A la llegada del gobierno actual, a cargo de Salom\u00f3n Jara Cruz, los integrantes de Casa de las Ciencias solicitaron desde el 19 de abril una entrevista con el director general del IEEPO para presentar el proyecto y plantear de manera directa las necesidades b\u00e1sicas, pero no han tenido respuesta. &nbsp;<\/p>\n\n\n\n<p>Dirigido al gobernador y al titular de dicha dependencia, el Cacio lanz\u00f3 la petici\u00f3n digital para solicitar que el gobierno de Oaxaca permita que este espacio siga activo, con las condiciones necesarias para su labor de apoyo a la educaci\u00f3n.&nbsp;<\/p>\n\n\n\n<p>A casi un a\u00f1o del inicio del actual gobierno, los demandantes destacaron que la desatenci\u00f3n del IEEPO&nbsp;se ha vuelto un serio problema, dado que, por las nuevas directivas nacionales muchos son los maestros que se acercan a la Cacio buscando apoyo para ponerlas en marcha en sus planteles.&nbsp;<\/p>\n\n\n\n<p>Frente a ello y aun en condiciones precarias, colectivo Cacio sigue avanzando en las acciones de Formaci\u00f3n Docente, Alfabetizaci\u00f3n Cient\u00edfica y Tecnol\u00f3gica en el Marco de la Educaci\u00f3n Alternativa (ACT-EA), la Divulgaci\u00f3n de la Ciencia en Contexto Comunitario (DC-CC) y en el Proyecto Editorial (PE) con los maestros de educaci\u00f3n b\u00e1sica del estado de Oaxaca.&nbsp;<\/p>\n\n\n\n<p>La Casa de la Ciencias, integrada por maestros del departamento de Secundarias T\u00e9cnicas del Instituto Estatal de Educaci\u00f3n P\u00fablica de Oaxaca (IEEPO), alcanz\u00f3 a institucionalizar el proyecto en el 2007, abriendo sus puertas al magisterio, estudiantes, pueblos originarios y sociedad en general.&nbsp;<\/p>\n\n\n\n<p>Fue en diciembre de 2008 que la Cacio se legitim\u00f3 por acuerdo de la Junta Directiva del IEEPO, a cargo de Abel Trejo Gonz\u00e1lez.&nbsp;<\/p>\n\n\n\n<p>Casa de las Ciencias naci\u00f3 en el a\u00f1o 2000 por iniciativa de los profesores Roel Salinas Antonio, Flor de Mar\u00eda Ramos Navarro y la asesor\u00eda del maestro en ciencias Juan Luis Hidalgo Guzm\u00e1n, con el prop\u00f3sito de transformar y mejorar las pr\u00e1cticas docentes de los profesores en el aula y tras eso,&nbsp;surgi\u00f3 la propuesta pedag\u00f3gica y did\u00e1ctica&nbsp;La Ciencia en la Escuela&nbsp;construida por los maestros oaxaque\u00f1os.&nbsp;<\/p>\n\n\n\n<p>Con el paso del tiempo se sum\u00f3 un importante n\u00famero de colaboradores como&nbsp;investigadores, intelectuales, maestros, artistas y miembros de la comunidad acad\u00e9mica y cient\u00edfica del estado y del pa\u00eds que hoy son parte de un colectivo.&nbsp;<\/p>\n\n\n\n<p>El trabajo que ah\u00ed se realiza&nbsp;es precursora de muchas de las propuestas de la Nueva Escuela Mexicana que reci\u00e9n inicia en el sistema educativo nacional.&nbsp;<\/p>\n\n\n\n<p>\u201cDurante m\u00e1s de veinte a\u00f1os, la Cacio ha brindado asesor\u00eda, actualizaci\u00f3n y formaci\u00f3n docente en el contexto de la propuesta pedag\u00f3gica y did\u00e1ctica La Ciencia en la Escuela; ha organizado talleres, encuentros estudiantiles, actividades de divulgaci\u00f3n de la ciencia en contexto comunitario, jornadas acad\u00e9micas, visitas guiadas a la Cacio, conferencias y actividades de investigaci\u00f3n educativa que han culminado en las diversas publicaciones que se han editado\u201d, destacaron&nbsp;los solicitantes.<\/p>\n","protected":false},"excerpt":{"rendered":"<p>Yuridiana Sosa\/Zona Roja. &nbsp; Oaxaca de Ju\u00e1rez, Oax., a 26 de noviembre de 2023.- Ante&hellip;<\/p>\n","protected":false},"author":2,"featured_media":62651,"comment_status":"closed","ping_status":"open","sticky":false,"template":"","format":"standard","meta":{"_lmt_disableupdate":"","_lmt_disable":"","_jetpack_memberships_contains_paid_content":false,"footnotes":""},"categories":[109,46],"tags":[2837],"class_list":["post-62649","post","type-post","status-publish","format-standard","has-post-thumbnail","hentry","category-minuto-a-minuto","category-zona-blanca","tag-instituto-estatal-de-educacion-publica-de-oaxaca-ieepo"],"jetpack_featured_media_url":"https:\/\/zonaroja.com.mx\/wp-content\/uploads\/2023\/11\/Casa-de-las-Ciencias-Oaxaca.jpg","jetpack_sharing_enabled":true,"_links":{"self":[{"href":"https:\/\/zonaroja.com.mx\/index.php?rest_route=\/wp\/v2\/posts\/62649","targetHints":{"allow":["GET"]}}],"collection":[{"href":"https:\/\/zonaroja.com.mx\/index.php?rest_route=\/wp\/v2\/posts"}],"about":[{"href":"https:\/\/zonaroja.com.mx\/index.php?rest_route=\/wp\/v2\/types\/post"}],"author":[{"embeddable":true,"href":"https:\/\/zonaroja.com.mx\/index.php?rest_route=\/wp\/v2\/users\/2"}],"replies":[{"embeddable":true,"href":"https:\/\/zonaroja.com.mx\/index.php?rest_route=%2Fwp%2Fv2%2Fcomments&post=62649"}],"version-history":[{"count":1,"href":"https:\/\/zonaroja.com.mx\/index.php?rest_route=\/wp\/v2\/posts\/62649\/revisions"}],"predecessor-version":[{"id":62652,"href":"https:\/\/zonaroja.com.mx\/index.php?rest_route=\/wp\/v2\/posts\/62649\/revisions\/62652"}],"wp:featuredmedia":[{"embeddable":true,"href":"https:\/\/zonaroja.com.mx\/index.php?rest_route=\/wp\/v2\/media\/62651"}],"wp:attachment":[{"href":"https:\/\/zonaroja.com.mx\/index.php?rest_route=%2Fwp%2Fv2%2Fmedia&parent=62649"}],"wp:term":[{"taxonomy":"category","embeddable":true,"href":"https:\/\/zonaroja.com.mx\/index.php?rest_route=%2Fwp%2Fv2%2Fcategories&post=62649"},{"taxonomy":"post_tag","embeddable":true,"href":"https:\/\/zonaroja.com.mx\/index.php?rest_route=%2Fwp%2Fv2%2Ftags&post=62649"}],"curies":[{"name":"wp","href":"https:\/\/api.w.org\/{rel}","templated":true}]}}