{"id":62654,"date":"2023-11-29T14:06:00","date_gmt":"2023-11-29T20:06:00","guid":{"rendered":"http:\/\/www.zonaroja.com.mx\/?p=62654"},"modified":"2023-11-29T08:10:33","modified_gmt":"2023-11-29T14:10:33","slug":"situacion-de-emergencia-el-trafico-de-armas-en-america","status":"publish","type":"post","link":"https:\/\/zonaroja.com.mx\/?p=62654","title":{"rendered":"Situaci\u00f3n de emergencia, el tr\u00e1fico de armas en Am\u00e9rica"},"content":{"rendered":"\n<p>Redacci\u00f3n\/Zona Roja Cdmx.<\/p>\n\n\n\n<p>Ciudad de M\u00e9xico, a 29 de noviembre de 2023.- Ante la Corte Interamericana de los Derechos Humanos (CoIDH), el Estado mexicano asever\u00f3 que existe \u201cuna situaci\u00f3n de emergencia\u201d compartida por varios pa\u00edses de la regi\u00f3n por la disponibilidad \u201cindiscriminada\u201d de armas de fuego, lo que debe ser atendido y enfocarse en el papel que tienen los actores privados en potencializar las posibles violaciones a derechos humanos.<\/p>\n\n\n\n<p>En una audiencia p\u00fablica en este tribunal, debido a la solicitud de M\u00e9xico de opini\u00f3n consultiva sobre las actividades de empresas privadas de armas y sus efectos en violaciones a derechos humanos, la secretaria de Relaciones Exteriores, Alicia B\u00e1rcena, asegur\u00f3 que la regi\u00f3n \u201cha sufrido de forma particular las consecuencias de la violencia armada, la proliferaci\u00f3n de armas de fuego en manos de civiles, que s\u00f3lo puede entenderse a ra\u00edz de un tr\u00e1fico transfronterizo, desregulado y que tiene consecuencias de seguridad p\u00fablica que se traducen en vulneraciones del derecho humano a la vida, a la integridad personal, entre otros\u201d.<\/p>\n\n\n\n<p>En un video mensaje, expuso que en el caso de M\u00e9xico, las estimaciones indican que cada a\u00f1o se trafican ilegalmente al pa\u00eds 200 mil armas de fuego.<\/p>\n\n\n\n<p>\u00abEste fen\u00f3meno tiene un importante factor transfronterizo, pues en mi patria la adquisici\u00f3n de armas de fuego por particulares est\u00e1 sumamente controlada, solamente existe un distribuidor y una tienda de armas situada en la Ciudad de M\u00e9xico y administrada por el Ej\u00e9rcito, la cual vende en promedio 38 armas al d\u00eda a civiles. Sin embargo, la disponibilidad de arma adquiridas ilegalmente es mucho mayor y tiene incidencia directa en la comisi\u00f3n de cr\u00edmenes violentos. \u201d, refiri\u00f3.<\/p>\n\n\n\n<p>Denunci\u00f3 que las empresas que fabrican y distribuyen armas en el continente Americano lo hacen sin pr\u00e1cticas que aseguren su trazabilidad o que eviten de alguna forma el desv\u00edo hacia segundos propietarios.<\/p>\n\n\n\n<p>Afirm\u00f3 que esta informaci\u00f3n es conocida e ignorada por las compa\u00f1\u00edas \u201cquienes se abstienen de tomar medidas para prevenir que los productos que fabrican y distribuyen terminen en manos de grupos criminales, y m\u00e1s a\u00fan, tienen estrategias de comercializaci\u00f3n apuntaladas hacia esos grupos\u201d.<\/p>\n\n\n\n<p>La canciller tambi\u00e9n enfatiz\u00f3 que la violencia armada tiene un impacto diferenciado en grupos vulnerables como las mujeres, los ni\u00f1os, las ni\u00f1as, los adolescentes y la poblaci\u00f3n Lgbti+.<\/p>\n\n\n\n<p>\u201cLa disponibilidad indiscriminada de armas de fuego afecta la situaci\u00f3n social y econ\u00f3mica de muchas familias, al hacer que ni\u00f1as, ni\u00f1os y adolescentes pierdan a sus padres y madres. El Estado mexicano sostiene que esta realidad debe ser considerada por la Corte Interamericana para que con un enfoque de universalidad e interseccionalidad analice las lamentables consecuencias que la violencia armada tienen en el disfrute de los derechos humanos en los Estados americanos\u201d, destac\u00f3.<\/p>\n\n\n\n<p>(Informaci\u00f3n de \u201cLa Jornada\u201d)<\/p>\n","protected":false},"excerpt":{"rendered":"<p>Redacci\u00f3n\/Zona Roja Cdmx. Ciudad de M\u00e9xico, a 29 de noviembre de 2023.- Ante la Corte&hellip;<\/p>\n","protected":false},"author":2,"featured_media":56548,"comment_status":"closed","ping_status":"open","sticky":false,"template":"","format":"standard","meta":{"_lmt_disableupdate":"","_lmt_disable":"","_jetpack_memberships_contains_paid_content":false,"footnotes":""},"categories":[109,47],"tags":[],"class_list":["post-62654","post","type-post","status-publish","format-standard","has-post-thumbnail","hentry","category-minuto-a-minuto","category-zona-gris"],"jetpack_featured_media_url":"https:\/\/zonaroja.com.mx\/wp-content\/uploads\/2023\/06\/Armas-grueso-calibre-Estados-Unidos-a-Mexico.jpeg","jetpack_sharing_enabled":true,"_links":{"self":[{"href":"https:\/\/zonaroja.com.mx\/index.php?rest_route=\/wp\/v2\/posts\/62654","targetHints":{"allow":["GET"]}}],"collection":[{"href":"https:\/\/zonaroja.com.mx\/index.php?rest_route=\/wp\/v2\/posts"}],"about":[{"href":"https:\/\/zonaroja.com.mx\/index.php?rest_route=\/wp\/v2\/types\/post"}],"author":[{"embeddable":true,"href":"https:\/\/zonaroja.com.mx\/index.php?rest_route=\/wp\/v2\/users\/2"}],"replies":[{"embeddable":true,"href":"https:\/\/zonaroja.com.mx\/index.php?rest_route=%2Fwp%2Fv2%2Fcomments&post=62654"}],"version-history":[{"count":1,"href":"https:\/\/zonaroja.com.mx\/index.php?rest_route=\/wp\/v2\/posts\/62654\/revisions"}],"predecessor-version":[{"id":62655,"href":"https:\/\/zonaroja.com.mx\/index.php?rest_route=\/wp\/v2\/posts\/62654\/revisions\/62655"}],"wp:featuredmedia":[{"embeddable":true,"href":"https:\/\/zonaroja.com.mx\/index.php?rest_route=\/wp\/v2\/media\/56548"}],"wp:attachment":[{"href":"https:\/\/zonaroja.com.mx\/index.php?rest_route=%2Fwp%2Fv2%2Fmedia&parent=62654"}],"wp:term":[{"taxonomy":"category","embeddable":true,"href":"https:\/\/zonaroja.com.mx\/index.php?rest_route=%2Fwp%2Fv2%2Fcategories&post=62654"},{"taxonomy":"post_tag","embeddable":true,"href":"https:\/\/zonaroja.com.mx\/index.php?rest_route=%2Fwp%2Fv2%2Ftags&post=62654"}],"curies":[{"name":"wp","href":"https:\/\/api.w.org\/{rel}","templated":true}]}}