{"id":62656,"date":"2023-11-29T08:12:18","date_gmt":"2023-11-29T14:12:18","guid":{"rendered":"http:\/\/www.zonaroja.com.mx\/?p=62656"},"modified":"2023-11-29T08:12:21","modified_gmt":"2023-11-29T14:12:21","slug":"actualiza-poder-judicial-a-periodistas-sobre-el-sistema-penal-acusatorio","status":"publish","type":"post","link":"https:\/\/zonaroja.com.mx\/?p=62656","title":{"rendered":"Actualiza Poder Judicial a periodistas\u00a0sobre\u00a0el\u00a0Sistema Penal Acusatorio"},"content":{"rendered":"\n<p>Redacci\u00f3n\/Zona Roja.<\/p>\n\n\n\n<p>Oaxaca de Ju\u00e1rez, Oax., a 29 de noviembre de 2023.- Para fortalecer y mejorar el acceso a la informaci\u00f3n generada por el Poder Judicial del Estado, mediante un lenguaje comprensible, como eje principal de la pol\u00edtica de justicia abierta y el principio de transparencia, la instituci\u00f3n a trav\u00e9s de la Coordinaci\u00f3n de Comunicaci\u00f3n Social y la Escuela Judicial imparti\u00f3 el taller para periodistas \u201cNuevas disposiciones jur\u00eddicas del Sistema Penal Acusatorio\u201d.<\/p>\n\n\n\n<p>Al inaugurar&nbsp;las actividades&nbsp;que tuvieron como sede el Consejo de la Judicatura, el&nbsp;magistrado&nbsp;presidente&nbsp;Eduardo Pinacho S\u00e1nchez, afirm\u00f3&nbsp;que este modelo procesal se rige por el respeto a los derechos humanos,&nbsp;tanto del procesado como de la v\u00edctima y en el debido proceso que se debe observar&nbsp;al&nbsp;juzgar a una persona involucrada en la comisi\u00f3n de un delito.&nbsp;<\/p>\n\n\n\n<p>En este sentido, destac\u00f3 que el periodismo es el medio a trav\u00e9s del cual se puede ilustrar a la sociedad y procurar un conocimiento que permita una opini\u00f3n razonable, justificada acerca de las decisiones que muchas veces dictan las juezas y los jueces.&nbsp;<\/p>\n\n\n\n<p>\u201cEn la opini\u00f3n p\u00fablica se prejuzga y&nbsp;en ocasiones&nbsp;se generan percepciones inadecuadas cuando en el proceso a\u00fan no se toma una decisi\u00f3n. El Sistema Penal Acusatorio es un modelo que rompe con el paradigma que durante mucho tiempo habr\u00eda prevalecido y se&nbsp;desenvuelve&nbsp;fundamentalmente a trav\u00e9s de audiencias,&nbsp;lo que democratiza el sistema de justicia\u201d, indic\u00f3.<\/p>\n\n\n\n<p>Ante los representantes de los medios de comunicaci\u00f3n impresos, electr\u00f3nicos y digitales, el magistrado Pinacho S\u00e1nchez les felicit\u00f3 por su inter\u00e9s de&nbsp;profesionalizarse y&nbsp;ampliar sus conocimientos&nbsp;en estos temas, al ser la funci\u00f3n que desempe\u00f1an de importante trascendencia en la sociedad.&nbsp;<\/p>\n\n\n\n<p>Como parte del taller, que concluy\u00f3 el mismo d\u00eda,&nbsp;se impartieron los m\u00f3dulos \u201cLa Prisi\u00f3n Preventiva en M\u00e9xico\u201d, a cargo&nbsp;delVisitador General del Consejo de la Judicatura, Manlio Rigoberto Hern\u00e1ndez Dom\u00ednguez&nbsp;y \u201cAcuerdos reparatorios en el Sistema Penal Acusatorio\u201d, por la directora del Centro de Justicia Alternativa, Betzzaida Cruz Mendoza.<\/p>\n","protected":false},"excerpt":{"rendered":"<p>Redacci\u00f3n\/Zona Roja. Oaxaca de Ju\u00e1rez, Oax., a 29 de noviembre de 2023.- Para fortalecer y&hellip;<\/p>\n","protected":false},"author":2,"featured_media":62641,"comment_status":"closed","ping_status":"open","sticky":false,"template":"","format":"standard","meta":{"_lmt_disableupdate":"","_lmt_disable":"","_jetpack_memberships_contains_paid_content":false,"footnotes":""},"categories":[109,46],"tags":[223],"class_list":["post-62656","post","type-post","status-publish","format-standard","has-post-thumbnail","hentry","category-minuto-a-minuto","category-zona-blanca","tag-poder-judicial-de-oaxaca"],"jetpack_featured_media_url":"https:\/\/zonaroja.com.mx\/wp-content\/uploads\/2023\/11\/El-magistrado-Eduardo-Pinacho-Sanchez-inauguro-las-actividades.jpeg","jetpack_sharing_enabled":true,"_links":{"self":[{"href":"https:\/\/zonaroja.com.mx\/index.php?rest_route=\/wp\/v2\/posts\/62656","targetHints":{"allow":["GET"]}}],"collection":[{"href":"https:\/\/zonaroja.com.mx\/index.php?rest_route=\/wp\/v2\/posts"}],"about":[{"href":"https:\/\/zonaroja.com.mx\/index.php?rest_route=\/wp\/v2\/types\/post"}],"author":[{"embeddable":true,"href":"https:\/\/zonaroja.com.mx\/index.php?rest_route=\/wp\/v2\/users\/2"}],"replies":[{"embeddable":true,"href":"https:\/\/zonaroja.com.mx\/index.php?rest_route=%2Fwp%2Fv2%2Fcomments&post=62656"}],"version-history":[{"count":1,"href":"https:\/\/zonaroja.com.mx\/index.php?rest_route=\/wp\/v2\/posts\/62656\/revisions"}],"predecessor-version":[{"id":62657,"href":"https:\/\/zonaroja.com.mx\/index.php?rest_route=\/wp\/v2\/posts\/62656\/revisions\/62657"}],"wp:featuredmedia":[{"embeddable":true,"href":"https:\/\/zonaroja.com.mx\/index.php?rest_route=\/wp\/v2\/media\/62641"}],"wp:attachment":[{"href":"https:\/\/zonaroja.com.mx\/index.php?rest_route=%2Fwp%2Fv2%2Fmedia&parent=62656"}],"wp:term":[{"taxonomy":"category","embeddable":true,"href":"https:\/\/zonaroja.com.mx\/index.php?rest_route=%2Fwp%2Fv2%2Fcategories&post=62656"},{"taxonomy":"post_tag","embeddable":true,"href":"https:\/\/zonaroja.com.mx\/index.php?rest_route=%2Fwp%2Fv2%2Ftags&post=62656"}],"curies":[{"name":"wp","href":"https:\/\/api.w.org\/{rel}","templated":true}]}}