{"id":62658,"date":"2023-11-29T12:12:00","date_gmt":"2023-11-29T18:12:00","guid":{"rendered":"http:\/\/www.zonaroja.com.mx\/?p=62658"},"modified":"2023-11-29T08:18:38","modified_gmt":"2023-11-29T14:18:38","slug":"reconoce-antonino-morales-labor-de-la-presidenta-del-dif-oaxaca","status":"publish","type":"post","link":"https:\/\/zonaroja.com.mx\/?p=62658","title":{"rendered":"Reconoce Antonino Morales labor de la presidenta del DIF Oaxaca"},"content":{"rendered":"\n<p>Raymundo Morales\/Zona Roja.<\/p>\n\n\n\n<p>Oaxaca de Ju\u00e1rez, Oax.- 29 de noviembre de 2023.- La se\u00f1ora Irma Bola\u00f1os Quijano, transforma la vida de los grupos vulnerables del estado, asever\u00f3 Antonino Morales Toledo, referente estatal de la 4T, al asistir como invitado al Informe de Resultados del Sistema DIF Estatal.<\/p>\n\n\n\n<p>El joven pol\u00edtico del Istmo, reconoci\u00f3 y aplaudi\u00f3 los resultados que durante este a\u00f1o se llevaron a cabo a favor de las familias y grupos vulnerables de todos los rincones del estado, \u00abcomo nunca antes en la historia de la entidad, hay un DIF estatal que trabaja por las familias y los grupos m\u00e1s vulnerables, sin protagonismos y s\u00ed, con amor y mucho coraz\u00f3n por los que menos tienen\u00bb, asever\u00f3 Nino Morales.<\/p>\n\n\n\n<p>Morales Toledo, indic\u00f3 que los programas, proyectos, cursos y talleres que se implementaron como \u2018Abrigando Corazones\u2019, la entrega de aparatos funcionales y de movilidad, as\u00ed como, actividades l\u00fadicas y deportivas, muestran el compromiso y el inter\u00e9s que se tiene con todos los sectores de Oaxaca, para que nadie se quede atr\u00e1s y nadie se quede afuera.<\/p>\n\n\n\n<p>Nino Morales, destac\u00f3 que la se\u00f1ora Irma Bola\u00f1os Quijano, sin duda est\u00e1 transformando la historia de la pol\u00edtica asistencial en el estado, por la cercan\u00eda que tiene con el pueblo, con esa sencillez y compromiso que se le caracteriza y siempre dando los mejores resultados.<\/p>\n","protected":false},"excerpt":{"rendered":"<p>Raymundo Morales\/Zona Roja. Oaxaca de Ju\u00e1rez, Oax.- 29 de noviembre de 2023.- La se\u00f1ora Irma&hellip;<\/p>\n","protected":false},"author":2,"featured_media":62659,"comment_status":"closed","ping_status":"open","sticky":false,"template":"","format":"standard","meta":{"_lmt_disableupdate":"","_lmt_disable":"","_jetpack_memberships_contains_paid_content":false,"footnotes":""},"categories":[109,46],"tags":[180],"class_list":["post-62658","post","type-post","status-publish","format-standard","has-post-thumbnail","hentry","category-minuto-a-minuto","category-zona-blanca","tag-antonino-morales-toledo"],"jetpack_featured_media_url":"https:\/\/zonaroja.com.mx\/wp-content\/uploads\/2023\/11\/Antonino-Morales-DIF-Oaxaca-Irma-Bolanos.jpeg","jetpack_sharing_enabled":true,"_links":{"self":[{"href":"https:\/\/zonaroja.com.mx\/index.php?rest_route=\/wp\/v2\/posts\/62658","targetHints":{"allow":["GET"]}}],"collection":[{"href":"https:\/\/zonaroja.com.mx\/index.php?rest_route=\/wp\/v2\/posts"}],"about":[{"href":"https:\/\/zonaroja.com.mx\/index.php?rest_route=\/wp\/v2\/types\/post"}],"author":[{"embeddable":true,"href":"https:\/\/zonaroja.com.mx\/index.php?rest_route=\/wp\/v2\/users\/2"}],"replies":[{"embeddable":true,"href":"https:\/\/zonaroja.com.mx\/index.php?rest_route=%2Fwp%2Fv2%2Fcomments&post=62658"}],"version-history":[{"count":1,"href":"https:\/\/zonaroja.com.mx\/index.php?rest_route=\/wp\/v2\/posts\/62658\/revisions"}],"predecessor-version":[{"id":62660,"href":"https:\/\/zonaroja.com.mx\/index.php?rest_route=\/wp\/v2\/posts\/62658\/revisions\/62660"}],"wp:featuredmedia":[{"embeddable":true,"href":"https:\/\/zonaroja.com.mx\/index.php?rest_route=\/wp\/v2\/media\/62659"}],"wp:attachment":[{"href":"https:\/\/zonaroja.com.mx\/index.php?rest_route=%2Fwp%2Fv2%2Fmedia&parent=62658"}],"wp:term":[{"taxonomy":"category","embeddable":true,"href":"https:\/\/zonaroja.com.mx\/index.php?rest_route=%2Fwp%2Fv2%2Fcategories&post=62658"},{"taxonomy":"post_tag","embeddable":true,"href":"https:\/\/zonaroja.com.mx\/index.php?rest_route=%2Fwp%2Fv2%2Ftags&post=62658"}],"curies":[{"name":"wp","href":"https:\/\/api.w.org\/{rel}","templated":true}]}}