{"id":62661,"date":"2023-11-30T14:30:00","date_gmt":"2023-11-30T20:30:00","guid":{"rendered":"http:\/\/www.zonaroja.com.mx\/?p=62661"},"modified":"2023-11-30T07:58:28","modified_gmt":"2023-11-30T13:58:28","slug":"futuro-aterrador-para-la-humanidad-si-no-se-limita-el-calentamiento-global-oms","status":"publish","type":"post","link":"https:\/\/zonaroja.com.mx\/?p=62661","title":{"rendered":"\u201cFuturo aterrador\u201d para la humanidad si no se limita el calentamiento global: OMS"},"content":{"rendered":"\n<p>Redacci\u00f3n\/Zona Roja Cdmx.<\/p>\n\n\n\n<p>Ciudad de M\u00e9xico, a 30 de noviembre de 2023.- La Organizaci\u00f3n Mundial de la Salud (OMS) afirm\u00f3 que el futuro de la humanidad ser\u00e1 \u201caterrador\u201d debido a las cat\u00e1strofes naturales, si el mundo no consigue limitar el calentamiento global a 1.5 grados cent\u00edgrados, y advirti\u00f3 que \u201chay que preparar los sistemas de salud para que lidien con las consecuencias del cambio clim\u00e1tico\u201d, al destacar que 3 mil 500 millones de personas, casi la mitad de la humanidad, viven en zonas muy vulnerables.<\/p>\n\n\n\n<p>El secretario general de la Organizaci\u00f3n de Naciones Unidas (ONU), Antonio Guterres, llam\u00f3 a los l\u00edderes mundiales a romper el c\u00edrculo vicioso que lleva al calentamiento global, en la Conferencia de Partes (COP 28), la cumbre sobre cambio clim\u00e1tico que comenzar\u00e1 el jueves en Dubai.<\/p>\n\n\n\n<p>\u00abSi continuamos como estamos, y espero firmemente que no lo hagamos, las capas de hielo de Groenlandia y la Ant\u00e1rtida occidental cruzar\u00e1n un punto de inflexi\u00f3n mortal\u201d, advirti\u00f3 Guterres, tras su reciente visita por el continente \u00e1rtico<\/p>\n\n\n\n<p>Los fen\u00f3menos meteorol\u00f3gicos extremos, cada vez m\u00e1s frecuentes y graves, pondr\u00e1n a prueba las infraestructuras sanitarias.<\/p>\n\n\n\n<p>Seg\u00fan datos del Banco Mundial, si no se toman medidas audaces e inmediatas, el cambio clim\u00e1tico podr\u00eda desplazar a unos 216 millones de personas de aqu\u00ed a 2050.<\/p>\n\n\n\n<p>Por eso la importancia del \u201cd\u00eda de la salud\u201d que tendr\u00e1 lugar por primera vez en la COP-28, destac\u00f3 la directora de salud p\u00fablica y medio ambiente de la OMS, Mar\u00eda Neira.<\/p>\n\n\n\n<p>Al acto asistir\u00e1n 65 ministros de Salud y lo m\u00e1s importante es \u201casegurarse que los negociadores de todos los pa\u00edses, responsables de llegar a un acuerdo en la COP, sean conscientes de que este problema est\u00e1 afectando a la salud de una manera muy negativa y devastadora. As\u00ed que no queremos que nadie salga de la sala diciendo: \u2018No lo sab\u00eda\u2019\u201d, a\u00f1adi\u00f3 Neira.<\/p>\n\n\n\n<p>El jefe de Cambio Clim\u00e1tico y Salud de la OMS, Diarmid Campbell-Lendrum, explic\u00f3 que el fen\u00f3meno no crea enfermedades, sino que favorece que afecciones existentes como el dengue, c\u00f3lera, malaria, sean m\u00e1s intensas y se extiendan a nuevas zonas. \u201cNecesitamos sistemas de vigilancia capaces de predecir d\u00f3nde pueden aparecer estos padecimientos y tambi\u00e9n de detectarlos y responder a ellos\u201d, afirm\u00f3 Campbell.<\/p>\n\n\n\n<p>Por su parte, el director general de la OMS, Tedros Adhanom, dijo que dar prioridad a la salud es la base de las sociedades resilientes. \u201cLos l\u00edderes deben cumplir en Dubai, proporcionando los buenos resultados sanitarios que sus pueblos esperan y que sus econom\u00edas necesitan urgentemente\u201d se\u00f1al\u00f3.<\/p>\n\n\n\n<p>(Informaci\u00f3n de \u201cLa Jornada\u201d)<\/p>\n","protected":false},"excerpt":{"rendered":"<p>Redacci\u00f3n\/Zona Roja Cdmx. Ciudad de M\u00e9xico, a 30 de noviembre de 2023.- La Organizaci\u00f3n Mundial&hellip;<\/p>\n","protected":false},"author":2,"featured_media":57261,"comment_status":"closed","ping_status":"open","sticky":false,"template":"","format":"standard","meta":{"_lmt_disableupdate":"","_lmt_disable":"","_jetpack_memberships_contains_paid_content":false,"footnotes":""},"categories":[109,47],"tags":[3521],"class_list":["post-62661","post","type-post","status-publish","format-standard","has-post-thumbnail","hentry","category-minuto-a-minuto","category-zona-gris","tag-cambio-climatico"],"jetpack_featured_media_url":"https:\/\/zonaroja.com.mx\/wp-content\/uploads\/2023\/07\/Cambio-climatico-mundial.jpeg","jetpack_sharing_enabled":true,"_links":{"self":[{"href":"https:\/\/zonaroja.com.mx\/index.php?rest_route=\/wp\/v2\/posts\/62661","targetHints":{"allow":["GET"]}}],"collection":[{"href":"https:\/\/zonaroja.com.mx\/index.php?rest_route=\/wp\/v2\/posts"}],"about":[{"href":"https:\/\/zonaroja.com.mx\/index.php?rest_route=\/wp\/v2\/types\/post"}],"author":[{"embeddable":true,"href":"https:\/\/zonaroja.com.mx\/index.php?rest_route=\/wp\/v2\/users\/2"}],"replies":[{"embeddable":true,"href":"https:\/\/zonaroja.com.mx\/index.php?rest_route=%2Fwp%2Fv2%2Fcomments&post=62661"}],"version-history":[{"count":2,"href":"https:\/\/zonaroja.com.mx\/index.php?rest_route=\/wp\/v2\/posts\/62661\/revisions"}],"predecessor-version":[{"id":62673,"href":"https:\/\/zonaroja.com.mx\/index.php?rest_route=\/wp\/v2\/posts\/62661\/revisions\/62673"}],"wp:featuredmedia":[{"embeddable":true,"href":"https:\/\/zonaroja.com.mx\/index.php?rest_route=\/wp\/v2\/media\/57261"}],"wp:attachment":[{"href":"https:\/\/zonaroja.com.mx\/index.php?rest_route=%2Fwp%2Fv2%2Fmedia&parent=62661"}],"wp:term":[{"taxonomy":"category","embeddable":true,"href":"https:\/\/zonaroja.com.mx\/index.php?rest_route=%2Fwp%2Fv2%2Fcategories&post=62661"},{"taxonomy":"post_tag","embeddable":true,"href":"https:\/\/zonaroja.com.mx\/index.php?rest_route=%2Fwp%2Fv2%2Ftags&post=62661"}],"curies":[{"name":"wp","href":"https:\/\/api.w.org\/{rel}","templated":true}]}}