{"id":62664,"date":"2023-11-29T13:11:42","date_gmt":"2023-11-29T19:11:42","guid":{"rendered":"http:\/\/www.zonaroja.com.mx\/?p=62664"},"modified":"2023-11-29T13:12:27","modified_gmt":"2023-11-29T19:12:27","slug":"condena-la-ddhpo-hechos-de-violencia-y-llama-a-priorizar-resolucion-pacifica-de-conflictos","status":"publish","type":"post","link":"https:\/\/zonaroja.com.mx\/?p=62664","title":{"rendered":"Condena la DDHPO hechos de violencia y llama a priorizar resoluci\u00f3n pac\u00edfica de conflictos"},"content":{"rendered":"\n<p>Redacci\u00f3n\/Zona Roja. <\/p>\n\n\n\n<p>Oaxaca de Ju\u00e1rez, Oax., a 29 de noviembre de 2023.- La Defensor\u00eda de los Derechos Humanos del Pueblo de Oaxaca (DDHPO), condena en\u00e9rgicamente el clima de violencia que se ha vivido recientemente en el estado de Oaxaca, entre ellos, las acciones realizadas en Ciudad Administrativa y Ciudad Judicial, el 28 de noviembre \u00faltimo, al parecer por pobladores del municipio de Santo Domingo Teojomulco, en donde varias personas, entre ellas mujeres, &nbsp;fueron agredidas, origin\u00e1ndoles heridas, a consecuencia de estos actos.&nbsp;<\/p>\n\n\n\n<p>La instituci\u00f3n aut\u00f3noma agreg\u00f3 que la libertad de manifestaci\u00f3n es un requisito fundamental para la construcci\u00f3n de sociedades democr\u00e1ticas, sin embargo, este derecho tiene que desarrollarse de manera pac\u00edfica y respetando los derechos de terceros, para que no se pierda su legitimidad.<\/p>\n\n\n\n<p>En este mismo sentido, la DDHPO reprueba los ataques armados ocurridos el 22 y 25 de noviembre, respectivamente, en los municipios de San Miguel El Grande, Tlaxiaco y la agencia municipal de Guadalupe Victoria, Asunci\u00f3n Nochixtl\u00e1n, &nbsp;ambos pertenecientes a la regi\u00f3n de la Mixteca, en donde lamentablemente fallecieron un total de 14 personas y seis m\u00e1s resultaron heridas por armas de fuego.&nbsp;<\/p>\n\n\n\n<p>Para la instituci\u00f3n aut\u00f3noma, resultan sumamente preocupante estos actos de violencia, que vulneran los derechos humanos de la ciudadan\u00eda oaxaque\u00f1a, por ello, hace un llamado a la Secretar\u00eda de Gobierno para que, mediante acciones pertinentes con base en el di\u00e1logo y la concertaci\u00f3n, en coordinaci\u00f3n con las instancias de gobierno que pudieran abonar en la atenci\u00f3n de los hechos mencionados, se atiendan las problem\u00e1ticas planteadas, y se propicie la conciliaci\u00f3n y resoluci\u00f3n pac\u00edfica de los conflictos, anteponiendo el inter\u00e9s com\u00fan de la ciudadan\u00eda &nbsp;y velando siempre por el respeto de los derechos humanos.<\/p>\n\n\n\n<p>Mientras que, a la Fiscal\u00eda General del Estado de Oaxaca solicit\u00f3 realizar las acciones necesarias para investigar los delitos que con motivo de las problem\u00e1ticas planteadas se hayan cometido.<\/p>\n\n\n\n<p>A la Secretar\u00eda de Seguridad y Protecci\u00f3n Ciudadana, solicit\u00f3 que en el marco de sus facultades y atribuciones, &nbsp;realice las acciones necesarias, con la finalidad de garantizar el acceso a la justicia, la seguridad, la paz social y el libre tr\u00e1nsito de las y los habitantes de los pueblos y comunidades del estado, y dem\u00e1s personas que transiten por esas zonas.<\/p>\n\n\n\n<p>Ante este contexto, la Defensor\u00eda de los Derechos Humanos del Pueblo de Oaxaca insisti\u00f3 en que el di\u00e1logo y los acuerdos deben ser los ejes articuladores que permitan establecer procesos de transformaci\u00f3n positiva de los conflictos en el estado.<\/p>\n\n\n\n<p>Finalmente, la Defensor\u00eda de los Derechos Humanos reiter\u00f3 su llamado a las autoridades y habitantes, &nbsp;para &nbsp;que privilegien la construcci\u00f3n de la paz, para lo cual es necesario realizar procesos de mediaci\u00f3n basados en el di\u00e1logo, y con ello garantizar la paz a largo plazo, la gobernabilidad, el respeto a los derechos humanos y la reconstrucci\u00f3n &nbsp;del tejido social.<\/p>\n","protected":false},"excerpt":{"rendered":"<p>Redacci\u00f3n\/Zona Roja. Oaxaca de Ju\u00e1rez, Oax., a 29 de noviembre de 2023.- La Defensor\u00eda de&hellip;<\/p>\n","protected":false},"author":2,"featured_media":62663,"comment_status":"closed","ping_status":"open","sticky":false,"template":"","format":"standard","meta":{"_lmt_disableupdate":"","_lmt_disable":"","_jetpack_memberships_contains_paid_content":false,"footnotes":""},"categories":[109,47],"tags":[],"class_list":["post-62664","post","type-post","status-publish","format-standard","has-post-thumbnail","hentry","category-minuto-a-minuto","category-zona-gris"],"jetpack_featured_media_url":"https:\/\/zonaroja.com.mx\/wp-content\/uploads\/2023\/11\/8718fad3-5786-49e9-9b4c-3c6be2d635b6-1.jpg","jetpack_sharing_enabled":true,"_links":{"self":[{"href":"https:\/\/zonaroja.com.mx\/index.php?rest_route=\/wp\/v2\/posts\/62664","targetHints":{"allow":["GET"]}}],"collection":[{"href":"https:\/\/zonaroja.com.mx\/index.php?rest_route=\/wp\/v2\/posts"}],"about":[{"href":"https:\/\/zonaroja.com.mx\/index.php?rest_route=\/wp\/v2\/types\/post"}],"author":[{"embeddable":true,"href":"https:\/\/zonaroja.com.mx\/index.php?rest_route=\/wp\/v2\/users\/2"}],"replies":[{"embeddable":true,"href":"https:\/\/zonaroja.com.mx\/index.php?rest_route=%2Fwp%2Fv2%2Fcomments&post=62664"}],"version-history":[{"count":1,"href":"https:\/\/zonaroja.com.mx\/index.php?rest_route=\/wp\/v2\/posts\/62664\/revisions"}],"predecessor-version":[{"id":62665,"href":"https:\/\/zonaroja.com.mx\/index.php?rest_route=\/wp\/v2\/posts\/62664\/revisions\/62665"}],"wp:featuredmedia":[{"embeddable":true,"href":"https:\/\/zonaroja.com.mx\/index.php?rest_route=\/wp\/v2\/media\/62663"}],"wp:attachment":[{"href":"https:\/\/zonaroja.com.mx\/index.php?rest_route=%2Fwp%2Fv2%2Fmedia&parent=62664"}],"wp:term":[{"taxonomy":"category","embeddable":true,"href":"https:\/\/zonaroja.com.mx\/index.php?rest_route=%2Fwp%2Fv2%2Fcategories&post=62664"},{"taxonomy":"post_tag","embeddable":true,"href":"https:\/\/zonaroja.com.mx\/index.php?rest_route=%2Fwp%2Fv2%2Ftags&post=62664"}],"curies":[{"name":"wp","href":"https:\/\/api.w.org\/{rel}","templated":true}]}}