{"id":6267,"date":"2019-12-02T07:33:49","date_gmt":"2019-12-02T13:33:49","guid":{"rendered":"http:\/\/www.zonaroja.com.mx\/?p=6267"},"modified":"2019-12-02T07:33:51","modified_gmt":"2019-12-02T13:33:51","slug":"masacre-en-coahuila-suman-21-muertos-en-dos-dias-por-crimen-organizado","status":"publish","type":"post","link":"https:\/\/zonaroja.com.mx\/?p=6267","title":{"rendered":"Masacre en Coahuila: suman 21 muertos en dos d\u00edas por crimen organizado"},"content":{"rendered":"\n<p>Redacci\u00f3n\/Zona Roja Cdmx.<\/p>\n\n\n\n<p>Ciudad de M\u00e9xico, 2 de diciembre de\n2019.- Las refriegas de fuerzas federales y estatales contra presuntos miembros\ndel C\u00e1rtel del Noreste en el municipio de Villa Uni\u00f3n, Coahuila, han dejado en\ndos d\u00edas un saldo de 21 muertos, 15 de ellos miembros de dicha organizaci\u00f3n\ncriminal, cuatro polic\u00edas estatales y dos civiles.<\/p>\n\n\n\n<p>Se dio a conocer que el \u00faltimo\ngatillero cay\u00f3 abatido la tarde del domingo durante las operaciones de b\u00fasqueda\nque polic\u00edas y elementos del Ej\u00e9rcito realizan en brechas por donde los\npistoleros huyeron a pie, luego de que la mayor\u00eda de sus camionetas fueron\naseguradas por el gobierno.<\/p>\n\n\n\n<p>Las autoridades no dieron detalles sobre\nel presunto delincuente que pereci\u00f3, pero fuentes de la Secretar\u00eda de Seguridad\nP\u00fablica se\u00f1alaron a \u201cLa Jornada\u201d que fue localizado en una brecha y al ver a\nlos agentes trat\u00f3 de huir y les dispar\u00f3. Los uniformados repelieron el ataque y\nlo mataron.<\/p>\n\n\n\n<p>Los elementos policiacos y militares\naseguraron 17 camionetas en las que los integrantes del C\u00e1rtel del Noreste\nirrumpieron en territorio de Villa Uni\u00f3n, a unos 30 kil\u00f3metros de Piedras\nNegras. Cuatro de estos veh\u00edculos estaban equipados con fusiles Barret calibre\n50, con los cuales hicieron blanco a un helic\u00f3ptero de la polic\u00eda, que logr\u00f3\naterrizar sin problemas.<\/p>\n\n\n\n<p>Se detall\u00f3 que los dos civiles muertos\npodr\u00edan haber sido secuestrados por los gatilleros para que los guiaran en su\nhuida.<\/p>\n\n\n\n<p>La Fiscal\u00eda General del Estado de\nCoahuila investiga si se trata de un bombero y un contratista que estaban en la\npresidencia municipal cuando los sicarios atacaron el edificio con\nametralladoras. No se dio a conocer el lugar en que fueron hallados.<\/p>\n\n\n\n<p>El gobernador Miguel \u00c1ngel Riquelme\ninform\u00f3 que la identidad de los dos civiles que fueron asesinados est\u00e1 siendo\nverificada y que hay seis elementos heridos, cuyas vidas no peligran.<\/p>\n\n\n\n<p>Explic\u00f3 que durante la b\u00fasqueda agentes\nencontraron a cuatro menores que hab\u00edan sido privados de la libertad por los\nagresores.<\/p>\n\n\n\n<p>El mandatario pri\u00edsta dijo que este\nlunes se inicia la reparaci\u00f3n de edificios y viviendas afectados, y respecto a\nlos polic\u00edas fallecidos anticip\u00f3 que sus familias, adem\u00e1s de las prestaciones\nde ley, tendr\u00e1n todo el apoyo de la administraci\u00f3n estatal para garantizarles\nuna vida digna y estudios a sus hijos.<\/p>\n\n\n\n<p>(Con informaci\u00f3n de \u201cLa Jornada\u201d)<\/p>\n","protected":false},"excerpt":{"rendered":"<p>Redacci\u00f3n\/Zona Roja Cdmx. Ciudad de M\u00e9xico, 2 de diciembre de 2019.- Las refriegas de fuerzas&hellip;<\/p>\n","protected":false},"author":2,"featured_media":6268,"comment_status":"closed","ping_status":"open","sticky":false,"template":"","format":"standard","meta":{"_lmt_disableupdate":"","_lmt_disable":"","_jetpack_memberships_contains_paid_content":false,"footnotes":""},"categories":[109,51],"tags":[1087],"class_list":["post-6267","post","type-post","status-publish","format-standard","has-post-thumbnail","hentry","category-minuto-a-minuto","category-zona-roja","tag-coahuila"],"jetpack_featured_media_url":"https:\/\/zonaroja.com.mx\/wp-content\/uploads\/2019\/12\/cartel_noreste.jpg","jetpack_sharing_enabled":true,"_links":{"self":[{"href":"https:\/\/zonaroja.com.mx\/index.php?rest_route=\/wp\/v2\/posts\/6267","targetHints":{"allow":["GET"]}}],"collection":[{"href":"https:\/\/zonaroja.com.mx\/index.php?rest_route=\/wp\/v2\/posts"}],"about":[{"href":"https:\/\/zonaroja.com.mx\/index.php?rest_route=\/wp\/v2\/types\/post"}],"author":[{"embeddable":true,"href":"https:\/\/zonaroja.com.mx\/index.php?rest_route=\/wp\/v2\/users\/2"}],"replies":[{"embeddable":true,"href":"https:\/\/zonaroja.com.mx\/index.php?rest_route=%2Fwp%2Fv2%2Fcomments&post=6267"}],"version-history":[{"count":1,"href":"https:\/\/zonaroja.com.mx\/index.php?rest_route=\/wp\/v2\/posts\/6267\/revisions"}],"predecessor-version":[{"id":6269,"href":"https:\/\/zonaroja.com.mx\/index.php?rest_route=\/wp\/v2\/posts\/6267\/revisions\/6269"}],"wp:featuredmedia":[{"embeddable":true,"href":"https:\/\/zonaroja.com.mx\/index.php?rest_route=\/wp\/v2\/media\/6268"}],"wp:attachment":[{"href":"https:\/\/zonaroja.com.mx\/index.php?rest_route=%2Fwp%2Fv2%2Fmedia&parent=6267"}],"wp:term":[{"taxonomy":"category","embeddable":true,"href":"https:\/\/zonaroja.com.mx\/index.php?rest_route=%2Fwp%2Fv2%2Fcategories&post=6267"},{"taxonomy":"post_tag","embeddable":true,"href":"https:\/\/zonaroja.com.mx\/index.php?rest_route=%2Fwp%2Fv2%2Ftags&post=6267"}],"curies":[{"name":"wp","href":"https:\/\/api.w.org\/{rel}","templated":true}]}}