{"id":62671,"date":"2023-11-29T21:20:23","date_gmt":"2023-11-30T03:20:23","guid":{"rendered":"http:\/\/www.zonaroja.com.mx\/?p=62671"},"modified":"2023-11-29T21:20:27","modified_gmt":"2023-11-30T03:20:27","slug":"activistas-de-eloxochitlan-insisten-en-senalar-a-secretaria-de-la-mujer-de-perjudicarlos","status":"publish","type":"post","link":"https:\/\/zonaroja.com.mx\/?p=62671","title":{"rendered":"Activistas de Eloxochitl\u00e1n insisten en se\u00f1alar a secretaria de la Mujer de perjudicarlos"},"content":{"rendered":"\n<p>Yuridiana Sosa\/Zona Roja.<\/p>\n\n\n\n<p>Oaxaca de Ju\u00e1rez, Oax., a 29 de noviembre de 2023.- Los ind\u00edgenas mazatecos&nbsp;Jaime, Artemio y Ranulfo Vidauria, detenidos el pasado 21 de noviembre, acusados de diversos delitos en Eloxochitl\u00e1n de Flores Mag\u00f3n, fueron puestos en libertad; sin embargo, las v\u00edctimas se\u00f1alan a la secretaria de la Mujer, Elisa Zepeda, de participar en los hechos.<\/p>\n\n\n\n<p>De acuerdo con un comunicado que emiti\u00f3 la funcionaria estatal por los hechos, los hombres habr\u00edan participado en la violencia ocurrida en 2014, en el que perdi\u00f3 la vida su hermano, Manuel Zepeda y se atent\u00f3 contra su vida y quienes durante varios a\u00f1os hab\u00edan permanecido pr\u00f3fugos de la justicia.<\/p>\n\n\n\n<p>Pese a ello, rechaz\u00f3 las acusaciones en su contra sobre su presunta participaci\u00f3n y la fabricaci\u00f3n de delitos para dichas detenciones.<\/p>\n\n\n\n<p>\u201cComo servidora p\u00fablica y como v\u00edctima de los hechos denunciados en el expediente 02\/2015 tenga injerencia para intervenir en estas detenciones\u201d, apunt\u00f3 la secretaria.<\/p>\n\n\n\n<p>\u201cDesmiento enf\u00e1ticamente &nbsp;las acusaciones en mi contra y reafirmo mi compromiso con la verdad y la justicia\u2026hago un llamado urgente y dem\u00e1s autoridades competentes para llevar a cabo una investigaci\u00f3n imparcial y transparente, garantizando el respeto de los derechos humanos y debido proceso\u201d, se\u00f1al\u00f3 la funcionaria en su comunicado.<\/p>\n\n\n\n<p>NO HAB\u00cdA DELITOS<\/p>\n\n\n\n<p>No obstante, el colectivo de familiares v\u00edctimas resalt\u00f3 que no existen delitos por los cuales se les pueda detener, as\u00ed como esos fueron prescritos. Las v\u00edctimas adem\u00e1s cuentan con amparos.<\/p>\n\n\n\n<p>Por el contrario, dijo que los hombres fueron v\u00edctimas de tortura durante las 16 horas de los que no se supo nada de ellos.<\/p>\n\n\n\n<p>Los ind\u00edgenas fueron detenidos en su comunidad, en un domicilio particular tras realizar trabajos comunitarios.&nbsp; Hombres vestidos de civil, con armas largas y cortas.<\/p>\n\n\n\n<p>Durante su detenci\u00f3n fueron desnudados y los obligaron a realizar sentadillas, lagartijas y golpeados.<\/p>\n\n\n\n<p>El s\u00e1bado pasado, los familiares de las v\u00edctimas se manifestaron en Santa Mar\u00eda Ixcotel, Santa Luc\u00eda del Camino, ante la llegada del presidente Andr\u00e9s Manuel L\u00f3pez Obrador, a quien reclamaron que no se ha cumplido con su palabra de aplicar amnist\u00eda para los acusados.<\/p>\n\n\n\n<p>Pues en 2019 el colectivo le entreg\u00f3 al mandatario el caso, pero hasta el momento no se realizaron acciones a su favor.<\/p>\n","protected":false},"excerpt":{"rendered":"<p>Yuridiana Sosa\/Zona Roja. Oaxaca de Ju\u00e1rez, Oax., a 29 de noviembre de 2023.- Los ind\u00edgenas&hellip;<\/p>\n","protected":false},"author":2,"featured_media":62642,"comment_status":"closed","ping_status":"open","sticky":false,"template":"","format":"standard","meta":{"_lmt_disableupdate":"","_lmt_disable":"","_jetpack_memberships_contains_paid_content":false,"footnotes":""},"categories":[109,47],"tags":[215,719],"class_list":["post-62671","post","type-post","status-publish","format-standard","has-post-thumbnail","hentry","category-minuto-a-minuto","category-zona-gris","tag-elisa-zepeda-lagunas","tag-eloxochitlan-de-flores-magon"],"jetpack_featured_media_url":"https:\/\/zonaroja.com.mx\/wp-content\/uploads\/2023\/11\/Mazatecos-liberados-Eloxochitlan.jpg","jetpack_sharing_enabled":true,"_links":{"self":[{"href":"https:\/\/zonaroja.com.mx\/index.php?rest_route=\/wp\/v2\/posts\/62671","targetHints":{"allow":["GET"]}}],"collection":[{"href":"https:\/\/zonaroja.com.mx\/index.php?rest_route=\/wp\/v2\/posts"}],"about":[{"href":"https:\/\/zonaroja.com.mx\/index.php?rest_route=\/wp\/v2\/types\/post"}],"author":[{"embeddable":true,"href":"https:\/\/zonaroja.com.mx\/index.php?rest_route=\/wp\/v2\/users\/2"}],"replies":[{"embeddable":true,"href":"https:\/\/zonaroja.com.mx\/index.php?rest_route=%2Fwp%2Fv2%2Fcomments&post=62671"}],"version-history":[{"count":1,"href":"https:\/\/zonaroja.com.mx\/index.php?rest_route=\/wp\/v2\/posts\/62671\/revisions"}],"predecessor-version":[{"id":62672,"href":"https:\/\/zonaroja.com.mx\/index.php?rest_route=\/wp\/v2\/posts\/62671\/revisions\/62672"}],"wp:featuredmedia":[{"embeddable":true,"href":"https:\/\/zonaroja.com.mx\/index.php?rest_route=\/wp\/v2\/media\/62642"}],"wp:attachment":[{"href":"https:\/\/zonaroja.com.mx\/index.php?rest_route=%2Fwp%2Fv2%2Fmedia&parent=62671"}],"wp:term":[{"taxonomy":"category","embeddable":true,"href":"https:\/\/zonaroja.com.mx\/index.php?rest_route=%2Fwp%2Fv2%2Fcategories&post=62671"},{"taxonomy":"post_tag","embeddable":true,"href":"https:\/\/zonaroja.com.mx\/index.php?rest_route=%2Fwp%2Fv2%2Ftags&post=62671"}],"curies":[{"name":"wp","href":"https:\/\/api.w.org\/{rel}","templated":true}]}}