{"id":62678,"date":"2023-11-29T22:35:34","date_gmt":"2023-11-30T04:35:34","guid":{"rendered":"http:\/\/www.zonaroja.com.mx\/?p=62678"},"modified":"2023-11-29T22:35:38","modified_gmt":"2023-11-30T04:35:38","slug":"crecen-quejas-en-sector-educativo-por-indolencia-de-ieepo","status":"publish","type":"post","link":"https:\/\/zonaroja.com.mx\/?p=62678","title":{"rendered":"Crecen quejas en sector educativo por indolencia de IEEPO"},"content":{"rendered":"\n<p>Yuridiana Sosa\/Zona Roja.<\/p>\n\n\n\n<p>Oaxaca de Ju\u00e1rez, Oax., a 29 de noviembre de 2023.- Por segundo d\u00eda consecutivo, estudiantes de la Escuela Normal de Educaci\u00f3n Especial se manifestaron con bloqueo en la capital del estado para exigir al IEEPO el cumplimiento de acuerdos sobre su formaci\u00f3n educativa.<\/p>\n\n\n\n<p>Los normalistas \u201ctomaron\u201d autobuses para obstruir el paso sobre el bulevar Eduardo Vasconcelos para denunciar que el &nbsp;titular del Instituto Estatal de Educaci\u00f3n P\u00fablica de Oaxaca (IEEPO), Emilio Montero P\u00e9rez, sigue sin atender la problem\u00e1tica relacionada a la malla curricular.<\/p>\n\n\n\n<p>Indicaron que desde hace un a\u00f1o se fijaron acuerdos que hasta ahora Montero P\u00e9rez no ha querido respetar, lo que afecta en la validaci\u00f3n de la licenciatura en Educaci\u00f3n Especial, para que sus estudiantes egresen como licenciados y no como t\u00e9cnicos.<\/p>\n\n\n\n<p>Los estudiantes advirtieron que continuar\u00e1n en movilizaciones hasta conseguir el cumplimiento de sus demandas.<\/p>\n\n\n\n<p>M\u00c1S PROTESTAS<\/p>\n\n\n\n<p>Por otra parte, habitantes de San Pedro Tulixtlahuaca, del municipio de San Antonio Tepetlapa junto a padres de familia del bachillerato comunitario de la localidad se manifestaron en la capital del estado para exigir la clave para el plantel educativo.<\/p>\n\n\n\n<p>Los pobladores indicaron que desde hace dos a\u00f1os y medio han gestionado la entrega de clave para este plantel, sin que haya avances por parte del gobierno estatal para concretar el proceso.<\/p>\n\n\n\n<p>Destacaron que el gobierno federal les indic\u00f3 que es responsabilidad de la autoridad estatal resolver dicha solicitud, por lo que insisten en que se atienda su solicitud.<\/p>\n\n\n\n<p>En conferencia de prensa tambi\u00e9n indicaron de la necesidad de contar con un techado de l\u00e1mina para la escuela; la construcci\u00f3n de un camino rural, una ambulancia y la terminaci\u00f3n de la red de drenaje.<\/p>\n\n\n\n<p>Otro problema se registr\u00f3 en la Telesecundaria \u201cLa Ca\u00f1ada\u201d en Santa Mar\u00eda Atzompa, donde padres de familia demandaron la intervenci\u00f3n del IEEPO para detener los actos arbitrarios de la direcci\u00f3n y del Comit\u00e9 de Padres de Familia.<\/p>\n\n\n\n<p>Madres de familia de la instituci\u00f3n denunciaron que la direcci\u00f3n junto con el comit\u00e9 usurpan funciones del IEEPO para despedirse del plantel a los maestros, incluso hasta negaron el ingreso del subdirector por no coincidir con los actos de la directora.<\/p>\n\n\n\n<p>Mientras que un grupo de maestras tratan con insultos a los alumnos, denunciaron madres de familia que asistieron al IEEPO para demandar su intervenci\u00f3n y aplique sanciones.<\/p>\n\n\n\n<p>Mientras tanto, un grupo de padres de familia con hijos en la primaria \u00abResurgimiento\u00bb, del municipio de Reyes, distrito de Etla, bloquearon desde temprano la avenida San Felipe, en San Felipe del Agua, agencia de la capital, para exigir al IEEPO y su titular Emilio Montero, que dejen de proteger a la Secci\u00f3n 22, que tiene un m\u00f3dulo educativo irregular en esa comunidad.<\/p>\n\n\n\n<p>OTRAS MOVILIZACIONES<\/p>\n\n\n\n<p>Frente a Palacio de Gobierno, ind\u00edgenas triquis que encabeza Sergia Cepeda, protestaron a casi un a\u00f1o del desalojo violento del corredor &nbsp;exterior de ese complejo, registrado el 2 de diciembre.<\/p>\n\n\n\n<p>Apuntaron que hasta el momento la autoridad estatal no ha dado resarcido los da\u00f1os que sufrieron, por lo que amagaron con quedarse nuevamente de forma indefinida en el exterior del Palacio de Gobierno.<\/p>\n\n\n\n<p>Por otra parte, en la regi\u00f3n del Istmo se registr\u00f3 un bloqueo en el kil\u00f3metro 86, de la carretera federal 190, en la comunidad de Puente Novillero de San Pedro Tapanatepec.<\/p>\n\n\n\n<p>Mientras que por la tarde, vecinos de la colonia Antiguo Aeropuerto, perteneciente a Santa Luc\u00eda del Camino y colindante con la ciudad de Oaxaca, bloquearon vialidades, entre ellas Escuadr\u00f3n 201, para exigir al organismo SOAPA la dotaci\u00f3n de agua potable, pues desde hace m\u00e1s de un mes no cuentan con el vital l\u00edquido.<\/p>\n","protected":false},"excerpt":{"rendered":"<p>Yuridiana Sosa\/Zona Roja. Oaxaca de Ju\u00e1rez, Oax., a 29 de noviembre de 2023.- Por segundo&hellip;<\/p>\n","protected":false},"author":2,"featured_media":62679,"comment_status":"closed","ping_status":"open","sticky":false,"template":"","format":"standard","meta":{"_lmt_disableupdate":"","_lmt_disable":"","_jetpack_memberships_contains_paid_content":false,"footnotes":""},"categories":[109,47],"tags":[2264,1829],"class_list":["post-62678","post","type-post","status-publish","format-standard","has-post-thumbnail","hentry","category-minuto-a-minuto","category-zona-gris","tag-bloqueos-y-protestas-oaxaca","tag-emilio-montero-perez"],"jetpack_featured_media_url":"https:\/\/zonaroja.com.mx\/wp-content\/uploads\/2023\/11\/Bloqueo-IEEPO-Reyes-Etla.jpg","jetpack_sharing_enabled":true,"_links":{"self":[{"href":"https:\/\/zonaroja.com.mx\/index.php?rest_route=\/wp\/v2\/posts\/62678","targetHints":{"allow":["GET"]}}],"collection":[{"href":"https:\/\/zonaroja.com.mx\/index.php?rest_route=\/wp\/v2\/posts"}],"about":[{"href":"https:\/\/zonaroja.com.mx\/index.php?rest_route=\/wp\/v2\/types\/post"}],"author":[{"embeddable":true,"href":"https:\/\/zonaroja.com.mx\/index.php?rest_route=\/wp\/v2\/users\/2"}],"replies":[{"embeddable":true,"href":"https:\/\/zonaroja.com.mx\/index.php?rest_route=%2Fwp%2Fv2%2Fcomments&post=62678"}],"version-history":[{"count":1,"href":"https:\/\/zonaroja.com.mx\/index.php?rest_route=\/wp\/v2\/posts\/62678\/revisions"}],"predecessor-version":[{"id":62680,"href":"https:\/\/zonaroja.com.mx\/index.php?rest_route=\/wp\/v2\/posts\/62678\/revisions\/62680"}],"wp:featuredmedia":[{"embeddable":true,"href":"https:\/\/zonaroja.com.mx\/index.php?rest_route=\/wp\/v2\/media\/62679"}],"wp:attachment":[{"href":"https:\/\/zonaroja.com.mx\/index.php?rest_route=%2Fwp%2Fv2%2Fmedia&parent=62678"}],"wp:term":[{"taxonomy":"category","embeddable":true,"href":"https:\/\/zonaroja.com.mx\/index.php?rest_route=%2Fwp%2Fv2%2Fcategories&post=62678"},{"taxonomy":"post_tag","embeddable":true,"href":"https:\/\/zonaroja.com.mx\/index.php?rest_route=%2Fwp%2Fv2%2Ftags&post=62678"}],"curies":[{"name":"wp","href":"https:\/\/api.w.org\/{rel}","templated":true}]}}