{"id":62681,"date":"2023-11-30T06:50:17","date_gmt":"2023-11-30T12:50:17","guid":{"rendered":"http:\/\/www.zonaroja.com.mx\/?p=62681"},"modified":"2023-11-30T06:50:21","modified_gmt":"2023-11-30T12:50:21","slug":"mandan-a-la-carcel-a-titular-de-sinfra-en-sexenio-de-murat","status":"publish","type":"post","link":"https:\/\/zonaroja.com.mx\/?p=62681","title":{"rendered":"Mandan a la c\u00e1rcel a titular de Sinfra en sexenio de Murat"},"content":{"rendered":"\n<p>Ismael Garc\u00eda M.\/Zona Roja.<\/p>\n\n\n\n<p>Oaxaca de Ju\u00e1rez, Oax., a 30 de noviembre de 2023.- El mexiquense Javier L. V., quien fuera secretario de las Infraestructuras en el sexenio del priista Alejandro Murat, fue vinculado anoche a proceso y enviado a prisi\u00f3n preventiva.<\/p>\n\n\n\n<p>El juez de Control del Poder Judicial del Estado consider\u00f3 suficientes las pruebas presentadas por la Fiscal\u00eda General del Estado y dio inicio al proceso judicial, que tiene como plazo dos meses para el cierre de la investigaci\u00f3n.<\/p>\n\n\n\n<p>En tanto, Javier L. V. fue enviado a prisi\u00f3n provisional, en el Centro de Reinserci\u00f3n Social Varonil, ubicado en San Francisco Tanivet, localidad del municipio de Tlacolula de Matamoros.<\/p>\n\n\n\n<p>De acuerdo con la Fiscal\u00eda General, el ex funcionario fue capturado en la Ciudad de M\u00e9xico, en colaboraci\u00f3n con la Fiscal\u00eda de la capital del pa\u00eds y derivado de las investigaciones efectuadas en Materia de Combate a la Corrupci\u00f3n.<\/p>\n\n\n\n<p>Est\u00e1 acusado del delito de \u201cUso il\u00edcito de atribuciones y facultades\u201d, en perjuicio patrimonial del Gobierno del Estado.&nbsp;<\/p>\n\n\n\n<p>De acuerdo con la causa penal 565\/2023, obtenida de las investigaciones efectuadas por la Fiscal\u00eda Especializada en Materia de Combate a la Corrupci\u00f3n del Estado de Oaxaca (FEMCO), se realizaron pagos indebidos por un monto superior a los 50 millones de pesos para la realizaci\u00f3n de una obra localizada en la zona de S\u00edmbolos Patrios.<\/p>\n\n\n\n<p>Trat\u00e1ndose de los trabajos de \u201cAmpliaci\u00f3n y modernizaci\u00f3n de la Carretera Troncal 175 (Oaxaca- Puerto \u00c1ngel) del Km 1+000 al km 5+300 entronque a nivel con Av. Universidad en km 2+300 y Construcci\u00f3n del Puente sobre \u201cR\u00edo Salado\u201d en el km 2+977.14, en los municipios de Oaxaca de Ju\u00e1rez, Santa Cruz Xoxocotl\u00e1n, San Antonio de la Cal y San Agust\u00edn de las Juntas\u201d, inscritos en el Programa 108 de Infraestructura Vial del Estado de Oaxaca.<\/p>\n\n\n\n<p>Luego de realizar las investigaciones correspondientes y presentar las pruebas, el Juez que atiende la causa, libr\u00f3 la orden de aprehensi\u00f3n correspondiente que fue ejecutada este martes.&nbsp;<\/p>\n\n\n\n<p>Cabe mencionar que, por estos hechos, se detuvieron a otros cuatro exservidores p\u00fablicos de Sinfra el pasado 13 de junio: los exsubsecretarios de Obras, M. M. C. y L.G.L.L.; as\u00ed como al exdirector de Control y Evaluaci\u00f3n de Obra P\u00fablica, R.C.M.O; y al exjefe de Infraestructura Urbana y Residente de Obra, A.C.C.A.<\/p>\n","protected":false},"excerpt":{"rendered":"<p>Ismael Garc\u00eda M.\/Zona Roja. Oaxaca de Ju\u00e1rez, Oax., a 30 de noviembre de 2023.- El&hellip;<\/p>\n","protected":false},"author":2,"featured_media":62682,"comment_status":"closed","ping_status":"open","sticky":false,"template":"","format":"standard","meta":{"_lmt_disableupdate":"","_lmt_disable":"","_jetpack_memberships_contains_paid_content":false,"footnotes":""},"categories":[109,46],"tags":[1914],"class_list":["post-62681","post","type-post","status-publish","format-standard","has-post-thumbnail","hentry","category-minuto-a-minuto","category-zona-blanca","tag-javier-lazcano-vargas"],"jetpack_featured_media_url":"https:\/\/zonaroja.com.mx\/wp-content\/uploads\/2023\/11\/Javier-Lazcano-Vargas-Sinfra.jpg","jetpack_sharing_enabled":true,"_links":{"self":[{"href":"https:\/\/zonaroja.com.mx\/index.php?rest_route=\/wp\/v2\/posts\/62681","targetHints":{"allow":["GET"]}}],"collection":[{"href":"https:\/\/zonaroja.com.mx\/index.php?rest_route=\/wp\/v2\/posts"}],"about":[{"href":"https:\/\/zonaroja.com.mx\/index.php?rest_route=\/wp\/v2\/types\/post"}],"author":[{"embeddable":true,"href":"https:\/\/zonaroja.com.mx\/index.php?rest_route=\/wp\/v2\/users\/2"}],"replies":[{"embeddable":true,"href":"https:\/\/zonaroja.com.mx\/index.php?rest_route=%2Fwp%2Fv2%2Fcomments&post=62681"}],"version-history":[{"count":1,"href":"https:\/\/zonaroja.com.mx\/index.php?rest_route=\/wp\/v2\/posts\/62681\/revisions"}],"predecessor-version":[{"id":62683,"href":"https:\/\/zonaroja.com.mx\/index.php?rest_route=\/wp\/v2\/posts\/62681\/revisions\/62683"}],"wp:featuredmedia":[{"embeddable":true,"href":"https:\/\/zonaroja.com.mx\/index.php?rest_route=\/wp\/v2\/media\/62682"}],"wp:attachment":[{"href":"https:\/\/zonaroja.com.mx\/index.php?rest_route=%2Fwp%2Fv2%2Fmedia&parent=62681"}],"wp:term":[{"taxonomy":"category","embeddable":true,"href":"https:\/\/zonaroja.com.mx\/index.php?rest_route=%2Fwp%2Fv2%2Fcategories&post=62681"},{"taxonomy":"post_tag","embeddable":true,"href":"https:\/\/zonaroja.com.mx\/index.php?rest_route=%2Fwp%2Fv2%2Ftags&post=62681"}],"curies":[{"name":"wp","href":"https:\/\/api.w.org\/{rel}","templated":true}]}}