{"id":62684,"date":"2023-11-30T12:30:00","date_gmt":"2023-11-30T18:30:00","guid":{"rendered":"http:\/\/www.zonaroja.com.mx\/?p=62684"},"modified":"2023-11-30T16:22:29","modified_gmt":"2023-11-30T22:22:29","slug":"entre-conflictos-y-porros-congreso-de-nuevo-leon-se-impone-a-samuel-garcia","status":"publish","type":"post","link":"https:\/\/zonaroja.com.mx\/?p=62684","title":{"rendered":"Entre conflictos y \u201cporros\u201d, Congreso de Nuevo Le\u00f3n se impone a Samuel Garc\u00eda"},"content":{"rendered":"\n<p>Redacci\u00f3n\/Zona Roja Cdmx.<\/p>\n\n\n\n<p>Ciudad de M\u00e9xico, a 30 de noviembre de 2023.- Luis Enrique Orozco Su\u00e1rez fue designado por el Congreso de Nuevo Le\u00f3n como gobernador interino, ante la ausencia de Samuel Garc\u00eda durante seis meses en su b\u00fasqueda de la Presidencia de la Rep\u00fablica.<\/p>\n\n\n\n<p>Orozco Su\u00e1rez se desempe\u00f1a como vicefiscal del Ministerio P\u00fablico de la Fiscal\u00eda de Justicia de Nuevo Le\u00f3n. Fue designado para el periodo comprendido entre el 2 de diciembre de 2023 y el 2 de junio de 2024, fecha en que se llevar\u00e1 a cabo la elecci\u00f3n presidencial.<\/p>\n\n\n\n<p>on votaci\u00f3n dominada por integrantes del Partido Acci\u00f3n Nacional (PAN) y el Partido Revolucionario Institucional (PRI), se eligi\u00f3 al funcionario, se\u00f1alado como cercano a Adri\u00e1n de la Garza, exalcalde de Monterrey.<\/p>\n\n\n\n<p>Orozco fue secretario particular De Garza, adem\u00e1s de fungir en un periodo como su contralor municipal en la capital de Nuevo Le\u00f3n.<\/p>\n\n\n\n<p>Antes del nombramiento, el gobernador de Nuevo Le\u00f3n, Samuel Garc\u00eda, dio a conocer el nombre de cuatro funcionarios p\u00fablicos que propon\u00eda para el puesto de gobernador interino en esa entidad, tras la licencia que solicit\u00f3 y le aprob\u00f3 el Congreso local a partir del 2 de diciembre.<\/p>\n\n\n\n<p>Entre ambos acontecimientos, personas identificadas como simpatizantes de Movimiento Ciudadano irrumpieron en el Congreso de Nuevo Le\u00f3n.<\/p>\n\n\n\n<p>Los manifestantes patearon la puerta del Congreso local hasta abrirla y lanzaron consignas en contra de integrantes del PAN y el PRI, partidos que han estado en constante choque con Samuel Garc\u00eda.<\/p>\n\n\n\n<p>Videos que circulan en redes muestran la violenta irrupci\u00f3n. Pol\u00edticos de la alianza Va por M\u00e9xico han condenado los hechos.<\/p>\n\n\n\n<p>Los perfiles propuestos por Samuel eran el secretario general de Gobierno, Javier Navarro; la secretaria de Igualdad e Inclusi\u00f3n y Coordinadora del Gabinete de Igualdad, Martha Herrera; el secretario de Econom\u00eda, Iv\u00e1n Rivas y el secretario de Movilidad, Hern\u00e1n Villarreal.<\/p>\n","protected":false},"excerpt":{"rendered":"<p>Redacci\u00f3n\/Zona Roja Cdmx. Ciudad de M\u00e9xico, a 30 de noviembre de 2023.- Luis Enrique Orozco&hellip;<\/p>\n","protected":false},"author":2,"featured_media":62685,"comment_status":"closed","ping_status":"open","sticky":false,"template":"","format":"standard","meta":{"_lmt_disableupdate":"","_lmt_disable":"","_jetpack_memberships_contains_paid_content":false,"footnotes":""},"categories":[109,47],"tags":[3716],"class_list":["post-62684","post","type-post","status-publish","format-standard","has-post-thumbnail","hentry","category-minuto-a-minuto","category-zona-gris","tag-samuel-garcia-nuevo-leon"],"jetpack_featured_media_url":"https:\/\/zonaroja.com.mx\/wp-content\/uploads\/2023\/11\/Porros-Congreso-de-Nuevo-Leon.jpeg","jetpack_sharing_enabled":true,"_links":{"self":[{"href":"https:\/\/zonaroja.com.mx\/index.php?rest_route=\/wp\/v2\/posts\/62684","targetHints":{"allow":["GET"]}}],"collection":[{"href":"https:\/\/zonaroja.com.mx\/index.php?rest_route=\/wp\/v2\/posts"}],"about":[{"href":"https:\/\/zonaroja.com.mx\/index.php?rest_route=\/wp\/v2\/types\/post"}],"author":[{"embeddable":true,"href":"https:\/\/zonaroja.com.mx\/index.php?rest_route=\/wp\/v2\/users\/2"}],"replies":[{"embeddable":true,"href":"https:\/\/zonaroja.com.mx\/index.php?rest_route=%2Fwp%2Fv2%2Fcomments&post=62684"}],"version-history":[{"count":1,"href":"https:\/\/zonaroja.com.mx\/index.php?rest_route=\/wp\/v2\/posts\/62684\/revisions"}],"predecessor-version":[{"id":62686,"href":"https:\/\/zonaroja.com.mx\/index.php?rest_route=\/wp\/v2\/posts\/62684\/revisions\/62686"}],"wp:featuredmedia":[{"embeddable":true,"href":"https:\/\/zonaroja.com.mx\/index.php?rest_route=\/wp\/v2\/media\/62685"}],"wp:attachment":[{"href":"https:\/\/zonaroja.com.mx\/index.php?rest_route=%2Fwp%2Fv2%2Fmedia&parent=62684"}],"wp:term":[{"taxonomy":"category","embeddable":true,"href":"https:\/\/zonaroja.com.mx\/index.php?rest_route=%2Fwp%2Fv2%2Fcategories&post=62684"},{"taxonomy":"post_tag","embeddable":true,"href":"https:\/\/zonaroja.com.mx\/index.php?rest_route=%2Fwp%2Fv2%2Ftags&post=62684"}],"curies":[{"name":"wp","href":"https:\/\/api.w.org\/{rel}","templated":true}]}}