{"id":62687,"date":"2023-11-30T09:30:00","date_gmt":"2023-11-30T15:30:00","guid":{"rendered":"http:\/\/www.zonaroja.com.mx\/?p=62687"},"modified":"2023-11-30T08:19:38","modified_gmt":"2023-11-30T14:19:38","slug":"demandan-al-gobierno-federal-no-cerrar-campo-de-golf-de-huatulco-habria-desempleo","status":"publish","type":"post","link":"https:\/\/zonaroja.com.mx\/?p=62687","title":{"rendered":"Demandan al gobierno federal no cerrar campo de golf de Huatulco; habr\u00eda desempleo"},"content":{"rendered":"\n<p>Ismael Garc\u00eda M.\/Zona Roja.<\/p>\n\n\n\n<p>Oaxaca de Ju\u00e1rez, Oax., a 30 de noviembre de 2023.- Trabajadores y el sector tur\u00edstico de Bah\u00edas de Huatulco demand\u00f3 al gobierno de Andr\u00e9s Manuel L\u00f3pez Obrador no cerrar el campo de golf, pues se perder\u00edan m\u00e1s de 20 empleos directos y un n\u00famero mayor de indirectos.<\/p>\n\n\n\n<p>Adem\u00e1s, impactar\u00eda al sector tur\u00edstico y hotelero, pues la mayor\u00eda de los visitantes practica ese deporte, lo cual es otro atractivo para visitantes nacionales e internacionales.<\/p>\n\n\n\n<p>Y es que el gobierno federal pretende cerrar dicho espacio o venderlo a otros empresarios extranjeros, lo cual impactar\u00eda en la econom\u00eda de los pobladores, seg\u00fan dieron a conocer en testimonios grabados, cuyo video fue difundido en redes sociales.<\/p>\n\n\n\n<p>\u201cEs bastante preocupante este tema si llegan a cerrarlo o convertirlo en un \u00e1rea natural protegida, habr\u00eda despidos del personal de mantenimiento del campo\u201d, dijo&nbsp; Leyvert Morales.<\/p>\n\n\n\n<p>Apunt\u00f3 que la informaci\u00f3n que se ha difundido en redes sociales ha causado temor entre los trabajadores y todo el sector tur\u00edstico en general.<\/p>\n\n\n\n<p>Otro trabajador, Ra\u00fal M\u00e9ndez, detall\u00f3 las diversas responsabilidades que tiene en ese espacio verde y mostr\u00f3 su preocupaci\u00f3n por el probable cierre.<\/p>\n\n\n\n<p>\u201cLas personas no tienen conocimiento de ello y los m\u00e1s afectados vamos a ser nosotros, los que vivimos aqu\u00ed\u201d, dijo Alfonso M\u00e9ndez.<\/p>\n\n\n\n<p>Daniel Thompson y Brian, turistas extranjeros que visitan Bah\u00edas de Huatulco de manera frecuente, tambi\u00e9n expresaron su inquietud y demandaron a las autoridades federales que no se clausure dicho espacio recreativo o se le cambie de giro.<\/p>\n\n\n\n<p>\u201cVa a repercutir tambi\u00e9n a la econom\u00eda del Gobierno del Estado, para el mismo Huatulco en general\u201d, opin\u00f3 Liane Factor, empresaria avecindada en el principal destino tur\u00edstico de Oaxaca.<\/p>\n\n\n\n<p>De acuerdo con cifras de Datatur, el destino tur\u00edstico tiene una ctividad econ\u00f3mica general de cinco mil 480 millones de pesos y representa casi el 74 por ciento de ingresos municipales; as\u00ed como una aportaci\u00f3n de m\u00e1s del 25% del Producto Interno Bruto (PIB) a Oaxaca.<\/p>\n","protected":false},"excerpt":{"rendered":"<p>Ismael Garc\u00eda M.\/Zona Roja. Oaxaca de Ju\u00e1rez, Oax., a 30 de noviembre de 2023.- Trabajadores&hellip;<\/p>\n","protected":false},"author":2,"featured_media":60863,"comment_status":"closed","ping_status":"open","sticky":false,"template":"","format":"standard","meta":{"_lmt_disableupdate":"","_lmt_disable":"","_jetpack_memberships_contains_paid_content":false,"footnotes":""},"categories":[109,47],"tags":[1336],"class_list":["post-62687","post","type-post","status-publish","format-standard","has-post-thumbnail","hentry","category-minuto-a-minuto","category-zona-gris","tag-bahias-de-huatulco"],"jetpack_featured_media_url":"https:\/\/zonaroja.com.mx\/wp-content\/uploads\/2023\/10\/Campo-de-golf-Huatulco.jpeg","jetpack_sharing_enabled":true,"_links":{"self":[{"href":"https:\/\/zonaroja.com.mx\/index.php?rest_route=\/wp\/v2\/posts\/62687","targetHints":{"allow":["GET"]}}],"collection":[{"href":"https:\/\/zonaroja.com.mx\/index.php?rest_route=\/wp\/v2\/posts"}],"about":[{"href":"https:\/\/zonaroja.com.mx\/index.php?rest_route=\/wp\/v2\/types\/post"}],"author":[{"embeddable":true,"href":"https:\/\/zonaroja.com.mx\/index.php?rest_route=\/wp\/v2\/users\/2"}],"replies":[{"embeddable":true,"href":"https:\/\/zonaroja.com.mx\/index.php?rest_route=%2Fwp%2Fv2%2Fcomments&post=62687"}],"version-history":[{"count":1,"href":"https:\/\/zonaroja.com.mx\/index.php?rest_route=\/wp\/v2\/posts\/62687\/revisions"}],"predecessor-version":[{"id":62688,"href":"https:\/\/zonaroja.com.mx\/index.php?rest_route=\/wp\/v2\/posts\/62687\/revisions\/62688"}],"wp:featuredmedia":[{"embeddable":true,"href":"https:\/\/zonaroja.com.mx\/index.php?rest_route=\/wp\/v2\/media\/60863"}],"wp:attachment":[{"href":"https:\/\/zonaroja.com.mx\/index.php?rest_route=%2Fwp%2Fv2%2Fmedia&parent=62687"}],"wp:term":[{"taxonomy":"category","embeddable":true,"href":"https:\/\/zonaroja.com.mx\/index.php?rest_route=%2Fwp%2Fv2%2Fcategories&post=62687"},{"taxonomy":"post_tag","embeddable":true,"href":"https:\/\/zonaroja.com.mx\/index.php?rest_route=%2Fwp%2Fv2%2Ftags&post=62687"}],"curies":[{"name":"wp","href":"https:\/\/api.w.org\/{rel}","templated":true}]}}