{"id":62689,"date":"2023-11-30T10:19:00","date_gmt":"2023-11-30T16:19:00","guid":{"rendered":"http:\/\/www.zonaroja.com.mx\/?p=62689"},"modified":"2023-11-30T08:21:39","modified_gmt":"2023-11-30T14:21:39","slug":"compania-portugues-mota-engil-gana-tres-licitaciones-en-corredor-interoceanico","status":"publish","type":"post","link":"https:\/\/zonaroja.com.mx\/?p=62689","title":{"rendered":"Compa\u00f1\u00eda portugu\u00e9s Mota Engil gana tres licitaciones en Corredor Interoce\u00e1nico"},"content":{"rendered":"\n<p>Redacci\u00f3n\/Zona Roja Cdmx.<\/p>\n\n\n\n<p>Ciudad de M\u00e9xico, a 30 de noviembre de 2023.- El conglomerado portugu\u00e9s Mota Engil gan\u00f3 las licitaciones para el establecimiento de tres de los cinco polos de desarrollo del primer paquete del que concurs\u00f3 la Secretar\u00eda de Marina (Semar).<\/p>\n\n\n\n<p>Se trata de los polos de desarrollo de Coatzacoalcos I y Coatzacoalcos II y Salina Cruz del Corredor Interoce\u00e1nico- Istmo de Tehuantepec (CIIT).<\/p>\n\n\n\n<p>Las otras dos licitaciones fueron ganadas por Grupo Constructor Urcedic, en el caso del polo de desarrollo San Juan Evangelista, y por las compa\u00f1\u00edas Profharmax y Transportadora Comexsa, respecto al polo de desarrollo Texistepec.<\/p>\n\n\n\n<p>En un comunicado de prensa, la Secretar\u00eda de Marina indic\u00f3 que los avisos de cada uno de estos fallos se encuentran en proceso de publicaci\u00f3n en el Diario Oficial de la Federaci\u00f3n (DOF).<\/p>\n\n\n\n<p>Recientemente, Mota Engil se adjudic\u00f3 los siguientes proyectos en M\u00e9xico:<\/p>\n\n\n\n<ul class=\"wp-block-list\">\n<li>Conexi\u00f3n Oriente (financiamiento, construcci\u00f3n de 7 km, operaci\u00f3n, exploraci\u00f3n y mantenimiento de un viaducto)<\/li>\n\n\n\n<li>Las Varas III (intervenci\u00f3n del km 54+000 al km 65+420);<\/li>\n<\/ul>\n\n\n\n<p>Libramiento de Campeche (obra ferroviaria asociada al proyecto Tren Maya);<\/p>\n\n\n\n<p>* Caseta Las Varas (construcci\u00f3n de un p\u00f3rtico base y 4 p\u00f3rticos auxiliares en la autopista Las Varas-Puerto Vallarta).<\/p>\n\n\n\n<p>En cuanto al negocio de energ\u00eda, Mota Engil opera a trav\u00e9s de Generadora F\u00e9nix, quien en 2021 gener\u00f3 energ\u00eda por m\u00e1s de 940 GWh.<\/p>\n\n\n\n<p>Tambi\u00e9n Generadora F\u00e9nix retom\u00f3 en 2021 la construcci\u00f3n del proyecto Jorge Luque, una central de ciclo combinado de 110 MW, que se realizar\u00e1 en dos etapas y tendr\u00e1 hasta 37 MW de capacidad instalada disponible para operar.<\/p>\n\n\n\n<p>En julio de 2022, la Secretar\u00eda de Marina adjudic\u00f3 directamente un contrato de casi 12,000 millones de pesos a Mota Engil para rehabilitar 310 kil\u00f3metros de v\u00edas f\u00e9rreas y 87 puentes de la l\u00ednea del tren del Istmo conocida como FA, que va de Coatzacoalcos a Palenque.<\/p>\n\n\n\n<p>Por \u00faltimo, Mota Engil construye el Tramo Uno y partes del Tramo Cinco del Tren Maya; la L\u00ednea 4 del Tren Ligero de Guadalajara, y la ampliaci\u00f3n de las L\u00edneas 4 y 6 del Metro de Monterrey.<\/p>\n\n\n\n<p>EL PROYECTO<\/p>\n\n\n\n<p>El CIIT contempla el establecimiento de 10 polos de desarrollo en una regi\u00f3n que conecta el Golfo de M\u00e9xico y el Oc\u00e9ano Pac\u00edfico a trav\u00e9s de 304 kil\u00f3metros de v\u00eda ferroviaria.<\/p>\n\n\n\n<p>Con la coordinaci\u00f3n del Corredor Interoce\u00e1nico, se modernizar\u00e1 el ferrocarril del Istmo de Tehuantepec, se ampliar\u00e1n los puertos de Coatzacoalcos en Veracruz y Salina Cruz en Oaxaca, se fortalecer\u00e1 la infraestructura carretera y de caminos rurales, as\u00ed como la red portuaria, y se construir\u00e1 un gasoducto para abastecer a empresas y consumidores dom\u00e9sticos.<\/p>\n\n\n\n<p>Las cinco concesiones se otorgar\u00e1n por un plazo de dos a\u00f1os, prorrogables hasta por cinco a\u00f1os m\u00e1s. Durar\u00e1n hasta que los gastos de capital erogados impliquen una p\u00e9rdida para el inversionista si no lleva finalmente a cabo el proyecto, para evitar la especulaci\u00f3n. Una vez que se alcance este punto, dejar\u00e1 de ser una concesi\u00f3n y se convertir\u00e1 en propiedad privada.<\/p>\n\n\n\n<p>(Informaci\u00f3n de \u201cEl Economista\u201d)<\/p>\n","protected":false},"excerpt":{"rendered":"<p>Redacci\u00f3n\/Zona Roja Cdmx. Ciudad de M\u00e9xico, a 30 de noviembre de 2023.- El conglomerado portugu\u00e9s&hellip;<\/p>\n","protected":false},"author":2,"featured_media":55049,"comment_status":"closed","ping_status":"open","sticky":false,"template":"","format":"standard","meta":{"_lmt_disableupdate":"","_lmt_disable":"","_jetpack_memberships_contains_paid_content":false,"footnotes":""},"categories":[109,46],"tags":[2917],"class_list":["post-62689","post","type-post","status-publish","format-standard","has-post-thumbnail","hentry","category-minuto-a-minuto","category-zona-blanca","tag-corredor-interoceanico-oaxaca"],"jetpack_featured_media_url":"https:\/\/zonaroja.com.mx\/wp-content\/uploads\/2023\/05\/Corredor-Interoceanico-del-Istmo-Oaxaca.png","jetpack_sharing_enabled":true,"_links":{"self":[{"href":"https:\/\/zonaroja.com.mx\/index.php?rest_route=\/wp\/v2\/posts\/62689","targetHints":{"allow":["GET"]}}],"collection":[{"href":"https:\/\/zonaroja.com.mx\/index.php?rest_route=\/wp\/v2\/posts"}],"about":[{"href":"https:\/\/zonaroja.com.mx\/index.php?rest_route=\/wp\/v2\/types\/post"}],"author":[{"embeddable":true,"href":"https:\/\/zonaroja.com.mx\/index.php?rest_route=\/wp\/v2\/users\/2"}],"replies":[{"embeddable":true,"href":"https:\/\/zonaroja.com.mx\/index.php?rest_route=%2Fwp%2Fv2%2Fcomments&post=62689"}],"version-history":[{"count":1,"href":"https:\/\/zonaroja.com.mx\/index.php?rest_route=\/wp\/v2\/posts\/62689\/revisions"}],"predecessor-version":[{"id":62690,"href":"https:\/\/zonaroja.com.mx\/index.php?rest_route=\/wp\/v2\/posts\/62689\/revisions\/62690"}],"wp:featuredmedia":[{"embeddable":true,"href":"https:\/\/zonaroja.com.mx\/index.php?rest_route=\/wp\/v2\/media\/55049"}],"wp:attachment":[{"href":"https:\/\/zonaroja.com.mx\/index.php?rest_route=%2Fwp%2Fv2%2Fmedia&parent=62689"}],"wp:term":[{"taxonomy":"category","embeddable":true,"href":"https:\/\/zonaroja.com.mx\/index.php?rest_route=%2Fwp%2Fv2%2Fcategories&post=62689"},{"taxonomy":"post_tag","embeddable":true,"href":"https:\/\/zonaroja.com.mx\/index.php?rest_route=%2Fwp%2Fv2%2Ftags&post=62689"}],"curies":[{"name":"wp","href":"https:\/\/api.w.org\/{rel}","templated":true}]}}