{"id":62691,"date":"2023-11-30T08:30:00","date_gmt":"2023-11-30T14:30:00","guid":{"rendered":"http:\/\/www.zonaroja.com.mx\/?p=62691"},"modified":"2023-11-30T08:41:56","modified_gmt":"2023-11-30T14:41:56","slug":"israel-y-hamas-acuerdan-ampliar-tregua-para-seguir-liberando-rehenes","status":"publish","type":"post","link":"https:\/\/zonaroja.com.mx\/?p=62691","title":{"rendered":"Israel y Hamas acuerdan ampliar tregua para seguir liberando rehenes"},"content":{"rendered":"\n<p>Redacci\u00f3n\/Zona Roja Cdmx.<\/p>\n\n\n\n<p>Ciudad de M\u00e9xico, a 30 de noviembre de 2023.- Qatar anunci\u00f3 la extensi\u00f3n por un d\u00eda m\u00e1s de la tregua humanitaria entre Israel y el grupo islamista palestino Ham\u00e1s, que comenz\u00f3 el viernes y caducaba este jueves, y en la que ambas partes intercambiaron rehenes por presos.<\/p>\n\n\n\n<p>Las partes palestina e israel\u00ed hab\u00edan llegado a un acuerdo para extender la tregua humanitaria en la Franja de Gaza por un d\u00eda m\u00e1s (hoy jueves) bajo el mismas condiciones anteriores\u201c, dijo el portavoz del Ministerio de Exteriores de Qatar, Majid al Ansari, en un comunicado.<\/p>\n\n\n\n<p>Apunt\u00f3 que esas condiciones \u201cson un alto el fuego y la entrada de ayuda humanitaria\u201d, y subray\u00f3 que la prolongaci\u00f3n de la pausa \u201cha sido alcanzada en el marco de la mediaci\u00f3n conjunta del Estado de Qatar, la Rep\u00fablica \u00c1rabe de Egipto y Estados Unidos\u201c.<\/p>\n\n\n\n<p>El portavoz qatar\u00ed, cuyo pa\u00eds es principal mediador entre Israel y Ham\u00e1s, y acoge la oficina pol\u00edtica del grupo islamista palestino, \u201cconfirm\u00f3 la continua intensificaci\u00f3n de los esfuerzos con el objetivo de alcanzar un alto el fuego permanente en la Franja de Gaza\u201c, seg\u00fan la agencia oficial catar\u00ed de noticias, QNA.<\/p>\n\n\n\n<p>La pausa humanitaria, de cuatro d\u00edas, entr\u00f3 en vigor el viernes pasado y fue prorrogada por primera vez el pasado lunes por dos d\u00edas.<\/p>\n\n\n\n<p>La extensi\u00f3n de la tregua por 24 horas ha sido anunciada por Qatar minutos antes de que venciera el armisticio temporal a las 7:00 h local del jueves.<\/p>\n\n\n\n<p>Este ser\u00e1 el s\u00e9ptimo d\u00eda de la pausa humanitaria que permiti\u00f3 el cese de las hostilidades por primera vez desde el 7 de octubre, cuando Ham\u00e1s cometi\u00f3 un ataque m\u00faltiple contra Israel en el que murieron mil 200 personas y unas 240 fueron secuestradas y llevadas a la Franja de Gaza.<\/p>\n\n\n\n<p>Desde entonces 15 mil personas han muerto y 36.000 han resultado heridas por los bombardeos israel\u00edes de represalia contra Gaza, donde se estima que cerca de 7 mil personas m\u00e1s siguen desaparecidas, o bien se desconoce su paradero o se cree que est\u00e1n bajo los escombros, seg\u00fan las autoridades del enclave palestino, controlado por Ham\u00e1s.<\/p>\n\n\n\n<p>Durante los primeros seis d\u00edas de la tregua han sido liberados 210 presos palestinos de las c\u00e1rceles, todos mujeres y ni\u00f1os, como parte del pacto de canje por rehenes israel\u00edes cautivos en Gaza por las milicias palestinas, en tanto Ham\u00e1s ha puesto en libertad a 97 cautivos en Gaza, entre ellos 73 israel\u00edes y 24 extranjeros.<\/p>\n\n\n\n<p>Tambi\u00e9n ha sido posible la entrada en Gaza de m\u00e1s cantidades de ayuda m\u00e9dica, alimentos y combustible para ayudar a la poblaci\u00f3n civil del enclave palestino, mientras que centenares de palestinos de doble nacionalidad y ciudadanos de otros pa\u00edses, as\u00ed como heridos palestinos, han podido salir de la Franja a trav\u00e9s del paso terrestre de Rafah, fronterizo con Egipto.<\/p>\n\n\n\n<p>El anuncio de la prolongaci\u00f3n de la pausa se produce pocas horas despu\u00e9s de la llegada a Israel del secretario de Estado de EE.UU., Antony Blinken, donde tiene previsto abordar una posible ampliaci\u00f3n de la tregua para conseguir la liberaci\u00f3n de m\u00e1s rehenes que siguen en Gaza.<\/p>\n\n\n\n<p>Se cree que en la Franja a\u00fan hay unos 145 cautivos, y la propuesta para una extensi\u00f3n de la tregua implicar\u00eda la liberaci\u00f3n adicional diariamente de 10 personas a cambio de la excarcelaci\u00f3n por Israel de 30 presos palestinos.<\/p>\n\n\n\n<p>(Con informaci\u00f3n de EFE en L\u00f3pez-D\u00f3riga Digital)<\/p>\n","protected":false},"excerpt":{"rendered":"<p>Redacci\u00f3n\/Zona Roja Cdmx. Ciudad de M\u00e9xico, a 30 de noviembre de 2023.- Qatar anunci\u00f3 la&hellip;<\/p>\n","protected":false},"author":2,"featured_media":62692,"comment_status":"closed","ping_status":"open","sticky":false,"template":"","format":"standard","meta":{"_lmt_disableupdate":"","_lmt_disable":"","_jetpack_memberships_contains_paid_content":false,"footnotes":""},"categories":[109,46],"tags":[2668],"class_list":["post-62691","post","type-post","status-publish","format-standard","has-post-thumbnail","hentry","category-minuto-a-minuto","category-zona-blanca","tag-conflicto-gaza-israel"],"jetpack_featured_media_url":"https:\/\/zonaroja.com.mx\/wp-content\/uploads\/2023\/11\/Rehenes-Israel-Hamas.jpg.webp","jetpack_sharing_enabled":true,"_links":{"self":[{"href":"https:\/\/zonaroja.com.mx\/index.php?rest_route=\/wp\/v2\/posts\/62691","targetHints":{"allow":["GET"]}}],"collection":[{"href":"https:\/\/zonaroja.com.mx\/index.php?rest_route=\/wp\/v2\/posts"}],"about":[{"href":"https:\/\/zonaroja.com.mx\/index.php?rest_route=\/wp\/v2\/types\/post"}],"author":[{"embeddable":true,"href":"https:\/\/zonaroja.com.mx\/index.php?rest_route=\/wp\/v2\/users\/2"}],"replies":[{"embeddable":true,"href":"https:\/\/zonaroja.com.mx\/index.php?rest_route=%2Fwp%2Fv2%2Fcomments&post=62691"}],"version-history":[{"count":1,"href":"https:\/\/zonaroja.com.mx\/index.php?rest_route=\/wp\/v2\/posts\/62691\/revisions"}],"predecessor-version":[{"id":62693,"href":"https:\/\/zonaroja.com.mx\/index.php?rest_route=\/wp\/v2\/posts\/62691\/revisions\/62693"}],"wp:featuredmedia":[{"embeddable":true,"href":"https:\/\/zonaroja.com.mx\/index.php?rest_route=\/wp\/v2\/media\/62692"}],"wp:attachment":[{"href":"https:\/\/zonaroja.com.mx\/index.php?rest_route=%2Fwp%2Fv2%2Fmedia&parent=62691"}],"wp:term":[{"taxonomy":"category","embeddable":true,"href":"https:\/\/zonaroja.com.mx\/index.php?rest_route=%2Fwp%2Fv2%2Fcategories&post=62691"},{"taxonomy":"post_tag","embeddable":true,"href":"https:\/\/zonaroja.com.mx\/index.php?rest_route=%2Fwp%2Fv2%2Ftags&post=62691"}],"curies":[{"name":"wp","href":"https:\/\/api.w.org\/{rel}","templated":true}]}}