{"id":62694,"date":"2023-11-30T12:27:00","date_gmt":"2023-11-30T18:27:00","guid":{"rendered":"http:\/\/www.zonaroja.com.mx\/?p=62694"},"modified":"2023-11-30T12:27:05","modified_gmt":"2023-11-30T18:27:05","slug":"fiscalia-de-oaxaca-fortalece-perspectiva-de-genero-en-atencion-de-casos","status":"publish","type":"post","link":"https:\/\/zonaroja.com.mx\/?p=62694","title":{"rendered":"Fiscal\u00eda de Oaxaca fortalece perspectiva de g\u00e9nero en atenci\u00f3n de casos"},"content":{"rendered":"\n<p>Redacci\u00f3n\/Zona Roja.&nbsp;<\/p>\n\n\n\n<p>Oaxaca de Ju\u00e1rez, Oax., a 29 de noviembre de 2023.- En el marco de las actividades para conmemorar el D\u00eda Internacional de la Eliminaci\u00f3n de la Violencia Contra las Mujeres, la Fiscal\u00eda General del Estado de Oaxaca concluy\u00f3 la jornada \u201cAcceso a la Justicia con Perspectiva de G\u00e9nero\u201d, con una conferencia magistral impartida por Helen Saadoun, especialista de la Agencia de los Estados Unidos para el Desarrollo Internacional (USAID- por sus siglas en ingl\u00e9s), que tuvo como objetivo fortalecer los procesos de atenci\u00f3n a mujeres, ni\u00f1as y adolescentes.<\/p>\n\n\n\n<p>Durante el acto de clausura, la Fiscal Especializada para la Atenci\u00f3n a Delitos contra las Mujeres por Raz\u00f3n de G\u00e9nero, Margarita Guzm\u00e1n Corsi, apunt\u00f3 que este tipo de procesos formativos buscan fortalecer los conocimientos en materia de perspectiva de g\u00e9nero de las y los servidores p\u00fablicos, pues es una prioridad en la Fiscal\u00eda General del Estado de Oaxaca brindar atenci\u00f3n bajo protocolos espec\u00edficos.<\/p>\n\n\n\n<p>A\u00f1adi\u00f3 que la capacitaci\u00f3n y especializaci\u00f3n con enfoque de g\u00e9nero hacia quienes atienden a mujeres, ni\u00f1as y adolescentes, permitir\u00e1 brindar una atenci\u00f3n m\u00e1s emp\u00e1tica, garantizando a las v\u00edctimas el acceso a procesos de procuraci\u00f3n de justicia adecuados. &nbsp;<\/p>\n\n\n\n<p>Al impartir la conferencia magistral \u201cEstrategias de Protecci\u00f3n Reforzada en la Procuraci\u00f3n de Justicia en Casos de Violencia de G\u00e9nero Contra las Mujeres en Oaxaca\u201d, Helen Saadoun reconoci\u00f3 que este tipo de actividades permiten coadyuvar para garantizar el acceso a la procuraci\u00f3n de justicia de las mujeres, ni\u00f1as y adolescentes.<\/p>\n\n\n\n<p>Resalt\u00f3 la importancia que tiene incorporar las perspectivas de g\u00e9nero e interseccional al momento de investigar los delitos cometidos contra mujeres, pues \u00e9stos tienen un impacto diferenciado y ejemplific\u00f3: a nivel mundial, 55% de los asesinatos de mujeres son cometidos por familiares o parejas, mientras que, en el caso de los hombres, se reduce a un 12 por ciento.<\/p>\n\n\n\n<p>\u201cEn el delito de violencia sexual tambi\u00e9n hay marcadas desigualdades, en lo que se refiere a abuso sexual, los casos de ni\u00f1as de 5 a 9 a\u00f1os son 3 veces m\u00e1s en comparaci\u00f3n con los ni\u00f1os; y, en los rangos de edad de 10 a 14 a\u00f1os las v\u00edctimas mujeres representan seis veces m\u00e1s que los hombres; en tanto que, en los rangos de edad de 15 a 17 a\u00f1os, la cifra crece hasta ocho veces m\u00e1s\u201d, indic\u00f3.<\/p>\n\n\n\n<p>Insisti\u00f3 en la importancia de considerar los delitos cometidos contra mujeres desde una perspectiva que considere que las mujeres, ni\u00f1as y adolescentes se encuentran en una situaci\u00f3n de violencia generalizada y sistem\u00e1tica, por ello, se requieren las herramientas que brinda esta perspectiva para considerar las caracter\u00edsticas particulares de los casos y los contextos de las v\u00edctimas, lo que es especialmente \u00fatil al momento de investigar casos de feminicidio.&nbsp;<\/p>\n\n\n\n<p>Helen Saadoun a\u00f1adi\u00f3 que la incorporaci\u00f3n de las perspectivas de g\u00e9nero, derechos humanos e interseccional, favorece la no revictimizaci\u00f3n y permite dar un enfoque m\u00e1s amplio a los procesos de investigaci\u00f3n, pues incorpora la debida diligencia reforzada.<\/p>\n\n\n\n<p>Finalmente, la Fiscal\u00eda General del Estado refrend\u00f3 que entre sus prioridades institucionales est\u00e1 brindar una adecuada procuraci\u00f3n de justicia a las ni\u00f1as, adolescentes y mujeres, por ello, se realizan procesos de capacitaci\u00f3n que permitan fortalecer la perspectiva de g\u00e9nero.<\/p>\n","protected":false},"excerpt":{"rendered":"<p>Redacci\u00f3n\/Zona Roja.&nbsp; Oaxaca de Ju\u00e1rez, Oax., a 29 de noviembre de 2023.- En el marco&hellip;<\/p>\n","protected":false},"author":2,"featured_media":62695,"comment_status":"closed","ping_status":"open","sticky":false,"template":"","format":"standard","meta":{"_lmt_disableupdate":"","_lmt_disable":"","_jetpack_memberships_contains_paid_content":false,"footnotes":""},"categories":[109,46],"tags":[494],"class_list":["post-62694","post","type-post","status-publish","format-standard","has-post-thumbnail","hentry","category-minuto-a-minuto","category-zona-blanca","tag-fiscalia-general-del-estado-de-oaxaca"],"jetpack_featured_media_url":"https:\/\/zonaroja.com.mx\/wp-content\/uploads\/2023\/11\/BOLETIN-493-Fortalecer-perspectiva-de-genero-en-atencion-a-mujeres-ninas-y-adolescentes-prioridad-de-la-Fiscalia-1.jpeg","jetpack_sharing_enabled":true,"_links":{"self":[{"href":"https:\/\/zonaroja.com.mx\/index.php?rest_route=\/wp\/v2\/posts\/62694","targetHints":{"allow":["GET"]}}],"collection":[{"href":"https:\/\/zonaroja.com.mx\/index.php?rest_route=\/wp\/v2\/posts"}],"about":[{"href":"https:\/\/zonaroja.com.mx\/index.php?rest_route=\/wp\/v2\/types\/post"}],"author":[{"embeddable":true,"href":"https:\/\/zonaroja.com.mx\/index.php?rest_route=\/wp\/v2\/users\/2"}],"replies":[{"embeddable":true,"href":"https:\/\/zonaroja.com.mx\/index.php?rest_route=%2Fwp%2Fv2%2Fcomments&post=62694"}],"version-history":[{"count":1,"href":"https:\/\/zonaroja.com.mx\/index.php?rest_route=\/wp\/v2\/posts\/62694\/revisions"}],"predecessor-version":[{"id":62696,"href":"https:\/\/zonaroja.com.mx\/index.php?rest_route=\/wp\/v2\/posts\/62694\/revisions\/62696"}],"wp:featuredmedia":[{"embeddable":true,"href":"https:\/\/zonaroja.com.mx\/index.php?rest_route=\/wp\/v2\/media\/62695"}],"wp:attachment":[{"href":"https:\/\/zonaroja.com.mx\/index.php?rest_route=%2Fwp%2Fv2%2Fmedia&parent=62694"}],"wp:term":[{"taxonomy":"category","embeddable":true,"href":"https:\/\/zonaroja.com.mx\/index.php?rest_route=%2Fwp%2Fv2%2Fcategories&post=62694"},{"taxonomy":"post_tag","embeddable":true,"href":"https:\/\/zonaroja.com.mx\/index.php?rest_route=%2Fwp%2Fv2%2Ftags&post=62694"}],"curies":[{"name":"wp","href":"https:\/\/api.w.org\/{rel}","templated":true}]}}