{"id":62697,"date":"2023-11-30T14:11:52","date_gmt":"2023-11-30T20:11:52","guid":{"rendered":"http:\/\/www.zonaroja.com.mx\/?p=62697"},"modified":"2023-11-30T14:12:05","modified_gmt":"2023-11-30T20:12:05","slug":"justicia-exige-comunidad-cinematografica-por-asesinatos-en-san-miguel-el-grande","status":"publish","type":"post","link":"https:\/\/zonaroja.com.mx\/?p=62697","title":{"rendered":"Justicia, exige comunidad cinematogr\u00e1fica por asesinatos en San Miguel El Grande"},"content":{"rendered":"\n<p>Yuridiana Sosa\/Zona Roja. <\/p>\n\n\n\n<p>Oaxaca de Ju\u00e1rez, Oax., a 30 de noviembre de 2023.- Ante los hechos violentos que han derivado en el asesinato de seis ind\u00edgenas mixtecos de San Miguel El Grande, el gremio cinematogr\u00e1fico de M\u00e9xico e internacional se pronunci\u00f3 contra la tragedia y exigieron justicia.<\/p>\n\n\n\n<p>Ello derivado de las aportaciones que las comunidades de Villa Guadalupe Victoria y L\u00e1zaro C\u00e1rdenas, de San Miguel El Grande, han realizado durante 12 a\u00f1os a la industria e historia cinematogr\u00e1fica de nuestro pa\u00eds, pues sus calles, paisajes y pobladores han sido base para una serie de pel\u00edculas de alcance mundial y a su vez multipremiadas.<\/p>\n\n\n\n<p>Por medio de un comunicado, en el que a su vez recolectan firmas para esta exigencia, la comunidad cinematogr\u00e1fica conden\u00f3 la omisi\u00f3n, la indiferencia, inoperancia, revictimizaci\u00f3n y falta de atenci\u00f3n que le ha dado el Estado a los atentados hacia estas comunidades.&nbsp;<\/p>\n\n\n\n<p>Esta falta de actuaci\u00f3n acab\u00f3 con la vida de unos de sus colaboradores, Rom\u00e1n Cruz Murillo, gerente de locaciones y actor, hermano de la actriz, directora, productora y guionista&nbsp; \u00c1ngeles Cruz.<\/p>\n\n\n\n<p>Los cineastas lamentaron los eventos violentos de este a\u00f1o, entre mayo y noviembre, en los que perdieron la vida Juan Mendoza L\u00f3pez, Odil\u00f3n Cruz Ortiz, Abd\u00f3n Cruz L\u00f3pez, Jos\u00e9 Per\u00e9z Mendoza, Gabriel Cruz Ortiz y Rom\u00e1n Cruz Murillo, por lo que demandaron a los tres niveles de gobierno detenci\u00f3n de los autores intelectuales y materiales de los cr\u00edmenes y se aplique todo el peso de la ley a los responsables.<\/p>\n\n\n\n<p>A su vez se sumaron a la exigencia de los habitantes para que existan las garant\u00edas de seguridad para la poblaci\u00f3n; &nbsp;acciones concretas de las autoridades para poner un alto a los conflictos territoriales en la regi\u00f3n Mixteca y detener el despojo de tierras y bosques.<\/p>\n\n\n\n<p>As\u00ed tambi\u00e9n, la industria cinematogr\u00e1fica responsabiliza&nbsp; a las autoridades de cualquier acto violento en contra de la integridad de \u00c1ngeles Cruz, su familia y su comunidad.&nbsp;<\/p>\n\n\n\n<p>PARTICIPACI\u00d3N COMUNITARIA<\/p>\n\n\n\n<p>La comunidad cinematogr\u00e1fica resalt\u00f3 la participaci\u00f3n de San Miguel el Grande y sus comunidades de Villa Guadalupe Victoria y L\u00e1zaro C\u00e1rdenas en pel\u00edculas como \u201cLa Tiricia o c\u00f3mo curar la tristeza\u201d en 2012; \u201cLa Carta\u201d,2014; \u201cArc\u00e1ngel\u201d, 2018; \u201cNudo Mixteco\u201d, 202) y \u201cValentina o la serenidad\u201d, 2023.<\/p>\n\n\n\n<p>En estas pel\u00edculas han participado personas profesionales originarias de la comunidad Villa Guadalupe Victoria y han desempe\u00f1ado cargos dentro de las \u00e1reas de direcci\u00f3n, producci\u00f3n, actuaci\u00f3n, catering, transporte, arte, vestuario y locaciones.<\/p>\n\n\n\n<p>Las obras han sido proyectadas a nivel mundial y han recibido reconocimientos internacionales y nacionales.<\/p>\n\n\n\n<p>Algunos de los premios son el Ariel que otorga la AMACC a mejor cortometraje y mejor \u00f3pera prima; &nbsp;el Palmita del tour de Cine Franc\u00e9s y premios dentro de festivales internacionales de cine, como el Festival de Cine Latinoamericano de La Habana, Recontres de Toulouse Francia, Ismalia Film Festival, San Jos\u00e9 Estados Unidos, AluCine Latin Film &amp; Medusa Arts Festival, Cleveland International Film Festival, Zinegoak Festival, Havana Film Festival, Festival Internacional de Cine de Morelia, Festival Internacional de Cine de Vi\u00f1a del Mar, San Francisco Film Festival, Festival de Cine Iberoamericano de Huelva, entre muchos otros.<\/p>\n","protected":false},"excerpt":{"rendered":"<p>Yuridiana Sosa\/Zona Roja. Oaxaca de Ju\u00e1rez, Oax., a 30 de noviembre de 2023.- Ante los&hellip;<\/p>\n","protected":false},"author":2,"featured_media":59502,"comment_status":"closed","ping_status":"open","sticky":false,"template":"","format":"standard","meta":{"_lmt_disableupdate":"","_lmt_disable":"","_jetpack_memberships_contains_paid_content":false,"footnotes":""},"categories":[109,47],"tags":[],"class_list":["post-62697","post","type-post","status-publish","format-standard","has-post-thumbnail","hentry","category-minuto-a-minuto","category-zona-gris"],"jetpack_featured_media_url":"https:\/\/zonaroja.com.mx\/wp-content\/uploads\/2023\/09\/San-Miguel-El-Grande.jpg","jetpack_sharing_enabled":true,"_links":{"self":[{"href":"https:\/\/zonaroja.com.mx\/index.php?rest_route=\/wp\/v2\/posts\/62697","targetHints":{"allow":["GET"]}}],"collection":[{"href":"https:\/\/zonaroja.com.mx\/index.php?rest_route=\/wp\/v2\/posts"}],"about":[{"href":"https:\/\/zonaroja.com.mx\/index.php?rest_route=\/wp\/v2\/types\/post"}],"author":[{"embeddable":true,"href":"https:\/\/zonaroja.com.mx\/index.php?rest_route=\/wp\/v2\/users\/2"}],"replies":[{"embeddable":true,"href":"https:\/\/zonaroja.com.mx\/index.php?rest_route=%2Fwp%2Fv2%2Fcomments&post=62697"}],"version-history":[{"count":1,"href":"https:\/\/zonaroja.com.mx\/index.php?rest_route=\/wp\/v2\/posts\/62697\/revisions"}],"predecessor-version":[{"id":62698,"href":"https:\/\/zonaroja.com.mx\/index.php?rest_route=\/wp\/v2\/posts\/62697\/revisions\/62698"}],"wp:featuredmedia":[{"embeddable":true,"href":"https:\/\/zonaroja.com.mx\/index.php?rest_route=\/wp\/v2\/media\/59502"}],"wp:attachment":[{"href":"https:\/\/zonaroja.com.mx\/index.php?rest_route=%2Fwp%2Fv2%2Fmedia&parent=62697"}],"wp:term":[{"taxonomy":"category","embeddable":true,"href":"https:\/\/zonaroja.com.mx\/index.php?rest_route=%2Fwp%2Fv2%2Fcategories&post=62697"},{"taxonomy":"post_tag","embeddable":true,"href":"https:\/\/zonaroja.com.mx\/index.php?rest_route=%2Fwp%2Fv2%2Ftags&post=62697"}],"curies":[{"name":"wp","href":"https:\/\/api.w.org\/{rel}","templated":true}]}}