{"id":62699,"date":"2023-11-30T16:09:53","date_gmt":"2023-11-30T22:09:53","guid":{"rendered":"http:\/\/www.zonaroja.com.mx\/?p=62699"},"modified":"2023-11-30T16:09:58","modified_gmt":"2023-11-30T22:09:58","slug":"aprueban-diputados-federales-castigar-con-carcel-la-violencia-vicaria","status":"publish","type":"post","link":"https:\/\/zonaroja.com.mx\/?p=62699","title":{"rendered":"Aprueban diputados federales castigar con c\u00e1rcel la violencia vicaria"},"content":{"rendered":"\n<p>Redacci\u00f3n\/Zona Roja Cdmx.<\/p>\n\n\n\n<p>Ciudad de M\u00e9xico, a 30 de noviembre de 2023.- Por unanimidad de 452 votos, el pleno de la C\u00e1mara de Diputados aval\u00f3 la reforma que tipifica como delito la sustracci\u00f3n, agresi\u00f3n o amenazas a los hijos para causar da\u00f1o a las madres, fen\u00f3meno que se conoce como violencia vicaria, pero que los legisladores definieron como \u201cviolencia a trav\u00e9s de interposita persona\u201d.<\/p>\n\n\n\n<p>Con las reformas a la Ley General de Acceso de las Mujeres a una Vida Libre de Violencia, de los c\u00f3digos Civil Federal y Penal Federal, esta violencia ser\u00e1 castigada con prisi\u00f3n de ocho meses a cinco a\u00f1os y tres meses, as\u00ed como con la p\u00e9rdida de la patria potestad de los menores.<\/p>\n\n\n\n<p>Adem\u00e1s, el pleno aprob\u00f3 definir como violencia contra ellas que \u201cel agresor controle el ingreso y el gasto familiar\u201d, e incluso que, \u201cde manera injustificada, se desentienda de sus obligaciones econ\u00f3micas o de colaborar en las labores dom\u00e9sticas o del cuidado\u201d de sus dependientes.<\/p>\n\n\n\n<p>Durante la sesi\u00f3n, la diputada Roc\u00edo Corona Nakamura (PVEM) expres\u00f3 que el secuestro o lesiones a los hijos \u201ces la revancha m\u00e1s ruin y miserable contra las mujeres. El da\u00f1o a la madre es irreversible y las cicatrices en el alma de los ni\u00f1os quedar\u00e1n por siempre. Se debe sancionar con todo el rigor de la ley a los poco hombres agresivos. \u00a1Hoy el machismo se top\u00f3 con pared!\u201d<\/p>\n\n\n\n<p>Destac\u00f3 que estas agresiones se ejercen cuando los padres \u201cutilizan a los menores para cobrar venganza, y en casos extremos los esconden, secuestran o matan. Durante a\u00f1os se nos ha obligado a callar. La ropa sucia ya no se lava en casa. Debemos ense\u00f1arnos a denunciar. Paremos en seco las agresiones a mujeres separadas o divorciadas\u201d.<\/p>\n\n\n\n<p>Al explicar la reforma, que se envi\u00f3 al Ejecutivo para su publicaci\u00f3n en el Diario Oficial de la Federaci\u00f3n, la legisladora Julieta Vences Valencia (Morena) destac\u00f3 que el dictamen \u201ces el resultado de un largo trabajo al que se sumaron cientos de mujeres valientes que se atrevieron a alzar la voz, decidieron contar su historia e impulsaron esta ley con un clamor fuerte y claro: ni una mujer m\u00e1s v\u00edctima de violencia\u201d.<\/p>\n\n\n\n<p>En la definici\u00f3n prevista en el proyecto de decreto se describe que la violencia por medio de interposita persona se manifiesta en diversas conductas, como amenazar con causar da\u00f1o o con ocultar, retener o sustraer a los hijos; utilizarlos para obtener informaci\u00f3n de la madre y promover, incitar o fomentar actos de violencia f\u00edsica o sicol\u00f3gica para descalificar la figura materna.<\/p>\n\n\n\n<p>Asimismo, ocultar, retener o sustraer a los hijos; presentar acciones legales basadas en hechos falsos o inexistentes contra ellas para obtener la guardia y custodia; condicionar el pago de la pensi\u00f3n alimentaria o cualquier otra conducta que lesione o da\u00f1e la libertad, integridad o libertad de las mujeres.<\/p>\n\n\n\n<p>En el C\u00f3digo Civil Federal se prev\u00e9 que el Congreso de la Uni\u00f3n y las legislaturas estatales definan la violencia familiar o vicaria como causales de divorcio, p\u00e9rdida de la patria potestad y de restricci\u00f3n para el r\u00e9gimen de visitas, as\u00ed como impedimento para la guardia y custodia de menores.<\/p>\n\n\n\n<p>(Informaci\u00f3n de \u201cLa Jornada\u201d)<\/p>\n","protected":false},"excerpt":{"rendered":"<p>Redacci\u00f3n\/Zona Roja Cdmx. Ciudad de M\u00e9xico, a 30 de noviembre de 2023.- Por unanimidad de&hellip;<\/p>\n","protected":false},"author":2,"featured_media":41041,"comment_status":"closed","ping_status":"open","sticky":false,"template":"","format":"standard","meta":{"_lmt_disableupdate":"","_lmt_disable":"","_jetpack_memberships_contains_paid_content":false,"footnotes":""},"categories":[109,46],"tags":[3714],"class_list":["post-62699","post","type-post","status-publish","format-standard","has-post-thumbnail","hentry","category-minuto-a-minuto","category-zona-blanca","tag-violencia-vicaria-en-oaxaca"],"jetpack_featured_media_url":"https:\/\/zonaroja.com.mx\/wp-content\/uploads\/2022\/05\/660748c3-a634-4d98-bb70-fc5a9b218fcd.jpg","jetpack_sharing_enabled":true,"_links":{"self":[{"href":"https:\/\/zonaroja.com.mx\/index.php?rest_route=\/wp\/v2\/posts\/62699","targetHints":{"allow":["GET"]}}],"collection":[{"href":"https:\/\/zonaroja.com.mx\/index.php?rest_route=\/wp\/v2\/posts"}],"about":[{"href":"https:\/\/zonaroja.com.mx\/index.php?rest_route=\/wp\/v2\/types\/post"}],"author":[{"embeddable":true,"href":"https:\/\/zonaroja.com.mx\/index.php?rest_route=\/wp\/v2\/users\/2"}],"replies":[{"embeddable":true,"href":"https:\/\/zonaroja.com.mx\/index.php?rest_route=%2Fwp%2Fv2%2Fcomments&post=62699"}],"version-history":[{"count":1,"href":"https:\/\/zonaroja.com.mx\/index.php?rest_route=\/wp\/v2\/posts\/62699\/revisions"}],"predecessor-version":[{"id":62700,"href":"https:\/\/zonaroja.com.mx\/index.php?rest_route=\/wp\/v2\/posts\/62699\/revisions\/62700"}],"wp:featuredmedia":[{"embeddable":true,"href":"https:\/\/zonaroja.com.mx\/index.php?rest_route=\/wp\/v2\/media\/41041"}],"wp:attachment":[{"href":"https:\/\/zonaroja.com.mx\/index.php?rest_route=%2Fwp%2Fv2%2Fmedia&parent=62699"}],"wp:term":[{"taxonomy":"category","embeddable":true,"href":"https:\/\/zonaroja.com.mx\/index.php?rest_route=%2Fwp%2Fv2%2Fcategories&post=62699"},{"taxonomy":"post_tag","embeddable":true,"href":"https:\/\/zonaroja.com.mx\/index.php?rest_route=%2Fwp%2Fv2%2Ftags&post=62699"}],"curies":[{"name":"wp","href":"https:\/\/api.w.org\/{rel}","templated":true}]}}