{"id":62711,"date":"2023-11-30T21:48:17","date_gmt":"2023-12-01T03:48:17","guid":{"rendered":"http:\/\/www.zonaroja.com.mx\/?p=62711"},"modified":"2023-11-30T21:48:22","modified_gmt":"2023-12-01T03:48:22","slug":"ponen-fin-a-notimex-y-a-55-anos-de-periodismo-institucional","status":"publish","type":"post","link":"https:\/\/zonaroja.com.mx\/?p=62711","title":{"rendered":"Ponen fin a Notimex y a 55 a\u00f1os de periodismo institucional"},"content":{"rendered":"\n<p>Redacci\u00f3n\/Zona Roja Cdmx.<\/p>\n\n\n\n<p>Ciudad de M\u00e9xico, a 30 de noviembre de 2023.- Creada el 20 de agosto de 1968, con motivo de la celebraci\u00f3n de los Juegos Ol\u00edmpicos que ese a\u00f1o se llevaron a cabo en M\u00e9xico, la hist\u00f3rica Agencia Mexicana de Noticias (Notimex) lleg\u00f3 a su fin.<\/p>\n\n\n\n<p>Con 259 votos a favor de la mayor\u00eda de Morena, 209 de la oposici\u00f3n que se neg\u00f3 a la extinci\u00f3n y una abstenci\u00f3n morenista, se puso fin a 55 a\u00f1os de periodismo y de historia con grandes plumas.<\/p>\n\n\n\n<p>Aunque el dictamen a\u00fan va al Senado de la Rep\u00fablica para su discusi\u00f3n y votaci\u00f3n, ya s\u00f3lo ser\u00e1 de tr\u00e1mite, con otra mayor\u00eda asegurada de la 4T.<\/p>\n\n\n\n<p>De una Sociedad An\u00f3nima, con participaci\u00f3n mayoritaria del Estado en sus or\u00edgenes, pas\u00f3 en junio del 2006 por una reforma legal de sus estatutos para cambiarle de nombre y denominarla Agencia de Noticias del Estado Mexicano.<\/p>\n\n\n\n<p>A casi cuatro a\u00f1os de huelga por el despido de 245 trabajadores, y ante la imposibilidad de un acuerdo entre las partes en litigio, el gobierno del presidente Andr\u00e9s Manuel L\u00f3pez Obrador decret\u00f3 su extinci\u00f3n.<\/p>\n\n\n\n<p>El decreto del Ejecutivo federal precisa que la Agencia \u201cconservar\u00e1 su personalidad jur\u00eddica exclusivamente para efectos del proceso de liquidaci\u00f3n respectivo, en t\u00e9rminos de las disposiciones administrativas y presupuestales aplicables\u201d.<\/p>\n\n\n\n<p>Tambi\u00e9n aclara que \u201cel proceso de liquidaci\u00f3n queda a cargo del Instituto para Devolver al Pueblo lo Robado (INDEP), que fungir\u00e1 como liquidador \u00fanico del Gobierno Federal, conforme a las disposiciones legales aplicables, para lo cual se le otorgan las m\u00e1s amplias facultades para actos de administraci\u00f3n, pleitos y cobranzas, y de dominio; para suscribir u otorgar t\u00edtulos de cr\u00e9dito, as\u00ed como para realizar cualquier acci\u00f3n que coadyuve a un eficiente proceso de liquidaci\u00f3n\u201d.<\/p>\n\n\n\n<p>Destaca que \u201cel proceso de liquidaci\u00f3n deber\u00e1 llevarse a cabo de manera oportuna, eficaz y con apego a las disposiciones jur\u00eddicas que lo rigen, con el cuidado y con la adecuada protecci\u00f3n a los intereses p\u00fablicos\u201d.<\/p>\n\n\n\n<p>(Informaci\u00f3n de \u201cEl Financiero\u201d)<\/p>\n","protected":false},"excerpt":{"rendered":"<p>Redacci\u00f3n\/Zona Roja Cdmx. Ciudad de M\u00e9xico, a 30 de noviembre de 2023.- Creada el 20&hellip;<\/p>\n","protected":false},"author":2,"featured_media":62712,"comment_status":"closed","ping_status":"open","sticky":false,"template":"","format":"standard","meta":{"_lmt_disableupdate":"","_lmt_disable":"","_jetpack_memberships_contains_paid_content":false,"footnotes":""},"categories":[109,46],"tags":[1684],"class_list":["post-62711","post","type-post","status-publish","format-standard","has-post-thumbnail","hentry","category-minuto-a-minuto","category-zona-blanca","tag-agencia-notimex"],"jetpack_featured_media_url":"https:\/\/zonaroja.com.mx\/wp-content\/uploads\/2023\/11\/Notimex.jpg","jetpack_sharing_enabled":true,"_links":{"self":[{"href":"https:\/\/zonaroja.com.mx\/index.php?rest_route=\/wp\/v2\/posts\/62711","targetHints":{"allow":["GET"]}}],"collection":[{"href":"https:\/\/zonaroja.com.mx\/index.php?rest_route=\/wp\/v2\/posts"}],"about":[{"href":"https:\/\/zonaroja.com.mx\/index.php?rest_route=\/wp\/v2\/types\/post"}],"author":[{"embeddable":true,"href":"https:\/\/zonaroja.com.mx\/index.php?rest_route=\/wp\/v2\/users\/2"}],"replies":[{"embeddable":true,"href":"https:\/\/zonaroja.com.mx\/index.php?rest_route=%2Fwp%2Fv2%2Fcomments&post=62711"}],"version-history":[{"count":1,"href":"https:\/\/zonaroja.com.mx\/index.php?rest_route=\/wp\/v2\/posts\/62711\/revisions"}],"predecessor-version":[{"id":62713,"href":"https:\/\/zonaroja.com.mx\/index.php?rest_route=\/wp\/v2\/posts\/62711\/revisions\/62713"}],"wp:featuredmedia":[{"embeddable":true,"href":"https:\/\/zonaroja.com.mx\/index.php?rest_route=\/wp\/v2\/media\/62712"}],"wp:attachment":[{"href":"https:\/\/zonaroja.com.mx\/index.php?rest_route=%2Fwp%2Fv2%2Fmedia&parent=62711"}],"wp:term":[{"taxonomy":"category","embeddable":true,"href":"https:\/\/zonaroja.com.mx\/index.php?rest_route=%2Fwp%2Fv2%2Fcategories&post=62711"},{"taxonomy":"post_tag","embeddable":true,"href":"https:\/\/zonaroja.com.mx\/index.php?rest_route=%2Fwp%2Fv2%2Ftags&post=62711"}],"curies":[{"name":"wp","href":"https:\/\/api.w.org\/{rel}","templated":true}]}}