{"id":62714,"date":"2023-11-30T21:59:10","date_gmt":"2023-12-01T03:59:10","guid":{"rendered":"http:\/\/www.zonaroja.com.mx\/?p=62714"},"modified":"2023-11-30T21:59:13","modified_gmt":"2023-12-01T03:59:13","slug":"indagan-muerte-de-menor-de-edad-en-bajo-mixe-de-oaxaca","status":"publish","type":"post","link":"https:\/\/zonaroja.com.mx\/?p=62714","title":{"rendered":"Indagan muerte de menor de edad en Bajo Mixe de Oaxaca"},"content":{"rendered":"\n<p>Ismael Garc\u00eda M.\/Zona Roja.<\/p>\n\n\n\n<p>Oaxaca de Ju\u00e1rez, Oax., a 30 de noviembre de 2023.- Autoridades de Oaxaca investigan las causas del fallecimiento de un menor de edad en San Juan Otzolotepec, comunidad del Bajo Mixe, que presuntamente muri\u00f3 por falta de atenci\u00f3n m\u00e9dica debido al bloqueo de sus caminos.<\/p>\n\n\n\n<p>A trav\u00e9s de las redes sociales, los pobladores de la zona difundieron un video en que dan a conocer el deceso y culpan directamente a las localidades de Jaltepec de Candayoc y Mar\u00eda Lobardo de Caso, de cortarles caminos y carretera, as\u00ed como la energ\u00eda el\u00e9ctrica.<\/p>\n\n\n\n<p>De acuerdo con el video, el menor es hijo de la se\u00f1ora Julieta y no pudo ser sacado del pueblo por el camino tapado, aunque no especifican las causas de la muerte; \u201csi ellos quieren pelear por la presidencia, que vayan directamente a la comunidad de San Juan Cotzoc\u00f3n\u201d, dijo una mujer.<\/p>\n\n\n\n<p>En tanto, fuentes de la Fiscal\u00eda General del Estado de Oaxaca dieron a conocer que iniciaron las indagatorias correspondientes, para deslindar responsabilidades.<\/p>\n\n\n\n<p>L\u00cdO ELECTORAL<\/p>\n\n\n\n<p>San Juan Cotzoc\u00f3n, municipio de la regi\u00f3n Sierra de Ju\u00e1rez pero situado en el Bajo Mixe se encuentra en proceso de elecci\u00f3n de sus autoridades municipales.<\/p>\n\n\n\n<p>De acuerdo con fuentes del municipio, el actual edil, Ruperto Mart\u00ednez Albino, se ha negado a acudir a las mesas de di\u00e1logo con el Gobierno del Estado para acordar los t\u00e9rminos del proceso de asamblea.&nbsp;<\/p>\n\n\n\n<p>Apenas el 28 de noviembre, la Secretar\u00eda de Gobierno le envi\u00f3 un comunicado a trav\u00e9s de la Coordinaci\u00f3n de Delegados de Paz para tratar el tema de la renovaci\u00f3n de concejal\u00edas; no obstante, se ha negado a acudir.<\/p>\n\n\n\n<p>Seg\u00fan la gente contraria al edil, pretende continuar en el cargo, asesorado por el supuesto dirigente social y constructor Ericel Reyes Morales \u2014quien organiz\u00f3 la conferencia depredas del pasado lunes para denunciar los hechos de aislamiento de las comunidades\u2014, para seguir ejecutado las obras municipales.<\/p>\n\n\n\n<p>Reyes Morales es originario de Santiago Yaitepec, donde tambi\u00e9n ha azuzado otros conflictos con sus vecinos de Santa Catarina Juquila y presuntamente es \u201caviador\u201d en la Secretar\u00eda de Interculturalidad y Pueblos Ind\u00edgenas.<\/p>\n\n\n\n<p>El asesor y supuesto dirigente social ha argumentado que Jaltepec y Mar\u00eda Lombardo acosan a San Juan Cotzoc\u00f3n y tres localidades m\u00e1s, entre ellas Otzolotepec, para obligarlos a votar por sus candidatos.<\/p>\n","protected":false},"excerpt":{"rendered":"<p>Ismael Garc\u00eda M.\/Zona Roja. Oaxaca de Ju\u00e1rez, Oax., a 30 de noviembre de 2023.- Autoridades&hellip;<\/p>\n","protected":false},"author":2,"featured_media":62715,"comment_status":"closed","ping_status":"open","sticky":false,"template":"","format":"standard","meta":{"_lmt_disableupdate":"","_lmt_disable":"","_jetpack_memberships_contains_paid_content":false,"footnotes":""},"categories":[109,47],"tags":[1135],"class_list":["post-62714","post","type-post","status-publish","format-standard","has-post-thumbnail","hentry","category-minuto-a-minuto","category-zona-gris","tag-san-juan-cotzocon-mixe"],"jetpack_featured_media_url":"https:\/\/zonaroja.com.mx\/wp-content\/uploads\/2023\/11\/Ericel-Reyes-Morales-Cotzocon.jpg","jetpack_sharing_enabled":true,"_links":{"self":[{"href":"https:\/\/zonaroja.com.mx\/index.php?rest_route=\/wp\/v2\/posts\/62714","targetHints":{"allow":["GET"]}}],"collection":[{"href":"https:\/\/zonaroja.com.mx\/index.php?rest_route=\/wp\/v2\/posts"}],"about":[{"href":"https:\/\/zonaroja.com.mx\/index.php?rest_route=\/wp\/v2\/types\/post"}],"author":[{"embeddable":true,"href":"https:\/\/zonaroja.com.mx\/index.php?rest_route=\/wp\/v2\/users\/2"}],"replies":[{"embeddable":true,"href":"https:\/\/zonaroja.com.mx\/index.php?rest_route=%2Fwp%2Fv2%2Fcomments&post=62714"}],"version-history":[{"count":1,"href":"https:\/\/zonaroja.com.mx\/index.php?rest_route=\/wp\/v2\/posts\/62714\/revisions"}],"predecessor-version":[{"id":62716,"href":"https:\/\/zonaroja.com.mx\/index.php?rest_route=\/wp\/v2\/posts\/62714\/revisions\/62716"}],"wp:featuredmedia":[{"embeddable":true,"href":"https:\/\/zonaroja.com.mx\/index.php?rest_route=\/wp\/v2\/media\/62715"}],"wp:attachment":[{"href":"https:\/\/zonaroja.com.mx\/index.php?rest_route=%2Fwp%2Fv2%2Fmedia&parent=62714"}],"wp:term":[{"taxonomy":"category","embeddable":true,"href":"https:\/\/zonaroja.com.mx\/index.php?rest_route=%2Fwp%2Fv2%2Fcategories&post=62714"},{"taxonomy":"post_tag","embeddable":true,"href":"https:\/\/zonaroja.com.mx\/index.php?rest_route=%2Fwp%2Fv2%2Ftags&post=62714"}],"curies":[{"name":"wp","href":"https:\/\/api.w.org\/{rel}","templated":true}]}}