{"id":62717,"date":"2023-12-01T06:50:46","date_gmt":"2023-12-01T12:50:46","guid":{"rendered":"http:\/\/www.zonaroja.com.mx\/?p=62717"},"modified":"2023-12-01T06:50:47","modified_gmt":"2023-12-01T12:50:47","slug":"matan-a-3-en-guerrero-a-dos-en-jalisco-y-a-policia-en-zacatecas","status":"publish","type":"post","link":"https:\/\/zonaroja.com.mx\/?p=62717","title":{"rendered":"Matan a 3 en Guerrero, a dos en Jalisco y a polic\u00eda en Zacatecas"},"content":{"rendered":"\n<p>Redacci\u00f3n\/Zona Roja Cdmx.<\/p>\n\n\n\n<p>Ciudad de M\u00e9xico, a 1 de diciembre de 2023.- En el \u00faltimo d\u00eda de noviembre, tres personas fueron asesinadas en Guerrero, dos en Jalisco y dos m\u00e1s en Zacatecas; en este \u00faltimo caso, un fallecido era jefe policiaco.<\/p>\n\n\n\n<p>Ayer en la localidad de Chichihualco, municipio de Leonardo Bravo, perdieron la vida tres individuos, durante un enfrentamiento entre grupos delictivos, en que adem\u00e1s incendiaron veh\u00edculos en la carretera a Iyotla.<\/p>\n\n\n\n<p>En Fresnillo, Zacatecas, durante un ataque armado fueron asesinadas a balazos dos personas y lesionadas dos m\u00e1s.<\/p>\n\n\n\n<p>Una de las v\u00edctimas es el director de la polic\u00eda de Fresnillo, confirmaron autoridades del gobierno de Zacatecas; dos uniformados m\u00e1s convalecen en un nosocomio.<\/p>\n\n\n\n<p>Mientras tanto en Zapopan, Jalisco se registraron disparos de arma de fuego, con saldo de dos personas muertas y dos m\u00e1s lesionadas, de acuerdo con la Fiscal\u00eda General de esa entidad.<\/p>\n\n\n\n<p>Ocurri\u00f3 poco despu\u00e9s de las 18:00 horas en el cruce de las avenidas Chaikovski y Misi\u00f3n San Juli\u00e1n, de la colonia Residencial Plaza Guadalupe en Zapopan.<\/p>\n","protected":false},"excerpt":{"rendered":"<p>Redacci\u00f3n\/Zona Roja Cdmx. Ciudad de M\u00e9xico, a 1 de diciembre de 2023.- En el \u00faltimo&hellip;<\/p>\n","protected":false},"author":2,"featured_media":62719,"comment_status":"closed","ping_status":"open","sticky":false,"template":"","format":"standard","meta":{"_lmt_disableupdate":"","_lmt_disable":"","_jetpack_memberships_contains_paid_content":false,"footnotes":""},"categories":[109,51],"tags":[1746],"class_list":["post-62717","post","type-post","status-publish","format-standard","has-post-thumbnail","hentry","category-minuto-a-minuto","category-zona-roja","tag-violencia-en-mexico"],"jetpack_featured_media_url":"https:\/\/zonaroja.com.mx\/wp-content\/uploads\/2023\/12\/Asesinados-Guerrero.webp","jetpack_sharing_enabled":true,"_links":{"self":[{"href":"https:\/\/zonaroja.com.mx\/index.php?rest_route=\/wp\/v2\/posts\/62717","targetHints":{"allow":["GET"]}}],"collection":[{"href":"https:\/\/zonaroja.com.mx\/index.php?rest_route=\/wp\/v2\/posts"}],"about":[{"href":"https:\/\/zonaroja.com.mx\/index.php?rest_route=\/wp\/v2\/types\/post"}],"author":[{"embeddable":true,"href":"https:\/\/zonaroja.com.mx\/index.php?rest_route=\/wp\/v2\/users\/2"}],"replies":[{"embeddable":true,"href":"https:\/\/zonaroja.com.mx\/index.php?rest_route=%2Fwp%2Fv2%2Fcomments&post=62717"}],"version-history":[{"count":1,"href":"https:\/\/zonaroja.com.mx\/index.php?rest_route=\/wp\/v2\/posts\/62717\/revisions"}],"predecessor-version":[{"id":62720,"href":"https:\/\/zonaroja.com.mx\/index.php?rest_route=\/wp\/v2\/posts\/62717\/revisions\/62720"}],"wp:featuredmedia":[{"embeddable":true,"href":"https:\/\/zonaroja.com.mx\/index.php?rest_route=\/wp\/v2\/media\/62719"}],"wp:attachment":[{"href":"https:\/\/zonaroja.com.mx\/index.php?rest_route=%2Fwp%2Fv2%2Fmedia&parent=62717"}],"wp:term":[{"taxonomy":"category","embeddable":true,"href":"https:\/\/zonaroja.com.mx\/index.php?rest_route=%2Fwp%2Fv2%2Fcategories&post=62717"},{"taxonomy":"post_tag","embeddable":true,"href":"https:\/\/zonaroja.com.mx\/index.php?rest_route=%2Fwp%2Fv2%2Ftags&post=62717"}],"curies":[{"name":"wp","href":"https:\/\/api.w.org\/{rel}","templated":true}]}}