{"id":62726,"date":"2023-12-01T08:20:39","date_gmt":"2023-12-01T14:20:39","guid":{"rendered":"http:\/\/www.zonaroja.com.mx\/?p=62726"},"modified":"2023-12-01T08:20:42","modified_gmt":"2023-12-01T14:20:42","slug":"escandalo-de-acoso-sexual-en-ayuntamiento-de-oaxaca-de-juarez-llega-al-cabildo","status":"publish","type":"post","link":"https:\/\/zonaroja.com.mx\/?p=62726","title":{"rendered":"Esc\u00e1ndalo de acoso sexual en ayuntamiento de Oaxaca de Ju\u00e1rez llega al Cabildo"},"content":{"rendered":"\n<p>Ismael Garc\u00eda M.\/Zona Roja.<\/p>\n\n\n\n<p>Oaxaca de Ju\u00e1rez, Oax., a 1 de diciembre de 2023.- Una denuncia de acoso sexual en contra del regidor por Morena, Ren\u00e9 Ric\u00e1rdez Lim\u00f3n, lleg\u00f3 al pleno del Cabildo de Oaxaca de Ju\u00e1rez. Pero el edil Francisco Mart\u00ednez Neri se limit\u00f3 a informar que se investiga el caso.<\/p>\n\n\n\n<p>Fue la regidora por el PRI, Jocabed Betanzos, quien puntualiz\u00f3 sobre la problem\u00e1tica, difundida d\u00edas atr\u00e1s en redes sociales y medios informativos:<\/p>\n\n\n\n<p>\u201cMe voy a atrever porque creo que estamos aqu\u00ed porque estamos aqu\u00ed para ser, primero mujeres, despu\u00e9s autoridades\u2026 En estos d\u00edas hemos estado leyendo una serie de comentarios, acusaciones se\u00f1alamientos, de un tema delicado que tiene que ver con las mujeres.<\/p>\n\n\n\n<p>\u201c\u2026atacan a una persona que forma parte de este Cabildo y por supuesto esta no es una instancia de juicio, para que decidamos si es verdad o no es verdad, si est\u00e1 bien o no est\u00e1 bien. El acoso en ninguna de las modalidades estar\u00e1 bien\u201d, dijo en Asuntos Generales, para luego pedir que las autoridades hagan lo que corresponde.<\/p>\n\n\n\n<p>Secund\u00f3 la regidora Irasema Aquino: \u201cNo puedo ser omisa ante el tema que est\u00e1 en redes sociales y medios; el 2 de marzo del 2022, el presidente municipal puso a consideraci\u00f3n que se aprobara el protocolo para la prevenci\u00f3n, atenci\u00f3n y sanci\u00f3n de hostigamiento y acoso sexual; tambi\u00e9n recuerdo que fue turnado a la comisi\u00f3n y a la fecha no tenemos un dictamen al respecto\u201d.<\/p>\n\n\n\n<p>\u201cSi bien hemos avanzado en cuanto a generar los lineamientos, los protocolos, la normatividad para atender y erradicar la violencia de g\u00e9nero, a\u00fan estamos lejos de eso. Sin juzgar ni decir que tiene o no raz\u00f3n, como mujer me pronuncio a que no permitamos en ning\u00fan sentido la revictimizaci\u00f3n\u2026 jam\u00e1s ser\u00e9 parte de un grupo colegiado donde una mujer sea violentada en cualquiera de sus formas\u201d.<\/p>\n\n\n\n<p>Sigui\u00f3 la panista Mirna L\u00f3pez, quien expuso que los pronunciamientos a los casos de muchas mujeres violentadas, se deben tomar en cuenta y creer a quien denuncia.<\/p>\n\n\n\n<p>\u201cTenemos que insistir y seguir fortaleciendo esas redes que existen para para hacer visible lo que muchas veces todos insisten y han normalizado al grado de dar una calidad de no violencia\u201d.<\/p>\n\n\n\n<p>Tom\u00f3 luego la palabra el morenista P\u00e1vel L\u00f3pez G\u00f3mez, quien ten\u00eda a su lado Ren\u00e9 Ric\u00e1rdez Lim\u00f3n.<\/p>\n\n\n\n<p>\u201cNo me gustar\u00eda ser omiso, porque somos figuras p\u00fablicas, somos observados. De las notas que salieron hace unos d\u00edas, conozco a la persona\u2026 creo que moralmente s\u00ed estamos obligados a pronunciarnos a que no pueda haber acoso hacia ninguna mujer. No se trata de enemistar, sino decir lo que pienso, lo que he escuchado, lo que he vivido\u201d.<\/p>\n\n\n\n<p>Lo mismo hizo el priista Juan Rafael Rosas Herrera y dijo que el Cabildo no puede ser omiso pero hay instancias para tratar el tema.<\/p>\n\n\n\n<p>Ren\u00e9 Ric\u00e1rdez fue el pen\u00faltimo en hablar, pero s\u00f3lo para amagar:<\/p>\n\n\n\n<p>\u201cDe entrada suscribo cien por ciento lo que ha dicho la compa\u00f1era Jocabed; por congruencia, nunca estar\u00e9 yo de acuerdo en que una compa\u00f1era, una mujer, sea obligada a que alguien la pueda tocar sin su consentimiento y menos a\u00fan abusar de un poder\u2026 El tema est\u00e1 planteado y tiene que ventilarse ante la instancia que corresponde\u201d.<\/p>\n\n\n\n<p>Al referirse a las publicaciones en su contra, dijo que la difamaci\u00f3n es un delito \u201cy escribir algo sin ni siquiera investigar, ese s\u00ed es un delito con dolo; yo no s\u00e9 si alguien les pag\u00f3 o les paga; lo \u00fanico que quiero decir a la ciudadan\u00eda es que voy a proceder penalmente con el que empez\u00f3 a difundir ese texto porque eso que afirma nunca ha ocurrido ni ocurrir\u00eda de mi parte\u201d.<\/p>\n\n\n\n<p>El presidente municipal, tambi\u00e9n de Morena, Mart\u00ednez Neri, fue parco tanto en Cabildo como en entrevista posterior y dijo que la instancia Municipal de la Mujer ya atiende el caso y fue enterado de ello formalmente el pasado mi\u00e9rcoles.<\/p>\n\n\n\n<p>Pero en entrevista posterior, Ren\u00e9 Ric\u00e1rdez reconoci\u00f3:<\/p>\n\n\n\n<p>\u201cHubo, y tal vez de ah\u00ed se desprende, un incidente, por llamarlo as\u00ed, en donde mi compa\u00f1era y yo est\u00e1bamos teniendo una pl\u00e1tica y otra persona, y como materia de lo que estamos platicando, yo voltee y le dije, \u2018\u00bfno ser\u00e1s asexada?\u2019.&nbsp;<\/p>\n\n\n\n<p>\u201cEntonces se ofendi\u00f3, y me reclam\u00f3 y me dijo por qu\u00e9 me dice as\u00ed; yo nada m\u00e1s te pregunt\u00e9, como si yo les pregunto oiga usted es gay, eso no es una ofensa\u2026\u201d<\/p>\n","protected":false},"excerpt":{"rendered":"<p>Ismael Garc\u00eda M.\/Zona Roja. Oaxaca de Ju\u00e1rez, Oax., a 1 de diciembre de 2023.- Una&hellip;<\/p>\n","protected":false},"author":2,"featured_media":62727,"comment_status":"closed","ping_status":"open","sticky":false,"template":"","format":"standard","meta":{"_lmt_disableupdate":"","_lmt_disable":"","_jetpack_memberships_contains_paid_content":false,"footnotes":""},"categories":[109,47],"tags":[148,2535],"class_list":["post-62726","post","type-post","status-publish","format-standard","has-post-thumbnail","hentry","category-minuto-a-minuto","category-zona-gris","tag-oaxaca-de-juarez","tag-rene-ricardez-limon"],"jetpack_featured_media_url":"https:\/\/zonaroja.com.mx\/wp-content\/uploads\/2023\/12\/Sesion-Cabildo-Oaxaca.jpg","jetpack_sharing_enabled":true,"_links":{"self":[{"href":"https:\/\/zonaroja.com.mx\/index.php?rest_route=\/wp\/v2\/posts\/62726","targetHints":{"allow":["GET"]}}],"collection":[{"href":"https:\/\/zonaroja.com.mx\/index.php?rest_route=\/wp\/v2\/posts"}],"about":[{"href":"https:\/\/zonaroja.com.mx\/index.php?rest_route=\/wp\/v2\/types\/post"}],"author":[{"embeddable":true,"href":"https:\/\/zonaroja.com.mx\/index.php?rest_route=\/wp\/v2\/users\/2"}],"replies":[{"embeddable":true,"href":"https:\/\/zonaroja.com.mx\/index.php?rest_route=%2Fwp%2Fv2%2Fcomments&post=62726"}],"version-history":[{"count":1,"href":"https:\/\/zonaroja.com.mx\/index.php?rest_route=\/wp\/v2\/posts\/62726\/revisions"}],"predecessor-version":[{"id":62728,"href":"https:\/\/zonaroja.com.mx\/index.php?rest_route=\/wp\/v2\/posts\/62726\/revisions\/62728"}],"wp:featuredmedia":[{"embeddable":true,"href":"https:\/\/zonaroja.com.mx\/index.php?rest_route=\/wp\/v2\/media\/62727"}],"wp:attachment":[{"href":"https:\/\/zonaroja.com.mx\/index.php?rest_route=%2Fwp%2Fv2%2Fmedia&parent=62726"}],"wp:term":[{"taxonomy":"category","embeddable":true,"href":"https:\/\/zonaroja.com.mx\/index.php?rest_route=%2Fwp%2Fv2%2Fcategories&post=62726"},{"taxonomy":"post_tag","embeddable":true,"href":"https:\/\/zonaroja.com.mx\/index.php?rest_route=%2Fwp%2Fv2%2Ftags&post=62726"}],"curies":[{"name":"wp","href":"https:\/\/api.w.org\/{rel}","templated":true}]}}