{"id":6273,"date":"2019-12-02T11:31:02","date_gmt":"2019-12-02T17:31:02","guid":{"rendered":"https:\/\/www.zonaroja.com.mx\/?p=6273"},"modified":"2019-12-02T11:31:05","modified_gmt":"2019-12-02T17:31:05","slug":"se-repliega-juquila-retira-planton-y-anuncia-regreso-pero-condicionado","status":"publish","type":"post","link":"https:\/\/zonaroja.com.mx\/?p=6273","title":{"rendered":"Se repliega Juquila, retira  plant\u00f3n y anuncia regreso pero condicionado"},"content":{"rendered":"\n<p>Redacci\u00f3n\/Zona Roja.&nbsp;<\/p>\n\n\n\n<p>Oaxaca de Ju\u00e1rez, Oax., 2 de diciembre de 2019.- Habitantes de Santa Catarina Juquila anunciaron hoy su retiro de la capital de Oaxaca luego de la recuperaci\u00f3n de \u201cEl Pedimento\u201d por parte de las autoridades; sin embargo, advirtieron de su regreso en caso de que no se cumplan los acuerdos generados en los \u00faltimos d\u00edas.<\/p>\n\n\n\n<p>\u201cJuquila ha determinado realizar un repliegue t\u00e1ctico en la capital de Oaxaca, ahorita vamos a dar una tregua para recibir a miles de peregrinos que arriban en esta temporada a nuestra localidad, por lo que tenemos que estar tranquilos\u201d, asegur\u00f3 el representante de Bienes Comunales, Ignacio Alberto Serrano Cruz.<\/p>\n\n\n\n<p>A\u00f1adi\u00f3 que nunca se han confrontado con el grupo minoritario de Yaitepec que ha buscado la violencia para apoderarse de un espacio que no es suyo, mientras que el pueblo de Juquila se ha pronunciado en todo momento por la paz y justicia en la zona.&nbsp;<\/p>\n\n\n\n<p>Serrano Cruz afirm\u00f3 &nbsp;que los da\u00f1os para la gente de trabajo de Juquila fueron enormes, sin embargo, les invit\u00f3 a recuperar el \u00e1nimo y buscar en conjunto la forma de salir adelante, mientras que se pidi\u00f3 disculpas a las personas que se vieron afectadas con los bloqueos y protestas que realizaron.&nbsp;&nbsp;<\/p>\n\n\n\n<p>Por su parte, el sacerdote de la poblaci\u00f3n,Jacinto L\u00f3pez Monta\u00f1o, quien tambi\u00e9n particip\u00f3 en las acciones de protesta en la capital del estado,&nbsp;pidi\u00f3&nbsp;la permanencia de la Guardia Nacional en la zona ya que dijo se busca seguridad para las y los habitantes de Juquila, pero tambi\u00e9n para miles de feligreses que se dan cita a\u00f1o con a\u00f1o en el santuario religioso m\u00e1s importante de Oaxaca.<\/p>\n\n\n\n<p>&nbsp;Explic\u00f3 que a\u00fan est\u00e1n pendientes otras reuniones, particularmente las que se comprometieron despu\u00e9s de reunirse con legisladores de las 64 Legislatura quienes conformaran incluso una comisi\u00f3n especial para dar atenci\u00f3n a la problem\u00e1tica.&nbsp;<\/p>\n\n\n\n<p>\u201cNo estamos doblando las manos, es ahorita un despliegue t\u00e1ctico porque necesitamos respirar un poquito, pero si hay necesidad regresamos\u201d, dijo el p\u00e1rroco que fue aplaudido por las y los pobladores que se mantuvieron en protesta.&nbsp;<\/p>\n\n\n\n<p>Finalmente las autoridades de Juquila respaldaron las acciones del Gobierno de Oaxaca, que reconocieron est\u00e1n siendo cuestionadas debido al uso de la fuerza, asegurando que no quedo de otra ante la problem\u00e1tica que se vive en la zona.&nbsp;<\/p>\n\n\n\n<p>\u201cNosotros no ordenamos que golpearan a la poblaci\u00f3n, de hecho no hubo tales hechos hechos violentos y se trat\u00f3 de la recuperaci\u00f3n de \u201cEl Pedimento\u201d conforme a los protocolos de las autoridades estatales\u201d, sentenciaron.&nbsp;<br class=\"Apple-interchange-newline\" \/><\/p>\n","protected":false},"excerpt":{"rendered":"<p>Redacci\u00f3n\/Zona Roja.&nbsp; Oaxaca de Ju\u00e1rez, Oax., 2 de diciembre de 2019.- Habitantes de Santa Catarina&hellip;<\/p>\n","protected":false},"author":2,"featured_media":6272,"comment_status":"closed","ping_status":"open","sticky":false,"template":"","format":"standard","meta":{"_lmt_disableupdate":"","_lmt_disable":"","_jetpack_memberships_contains_paid_content":false,"footnotes":""},"categories":[109,47],"tags":[556],"class_list":["post-6273","post","type-post","status-publish","format-standard","has-post-thumbnail","hentry","category-minuto-a-minuto","category-zona-gris","tag-conflicto-yaitepec-juquila"],"jetpack_featured_media_url":"https:\/\/zonaroja.com.mx\/wp-content\/uploads\/2019\/12\/5e9d0716-1129-4785-8f4a-ca9768bc2276.jpg","jetpack_sharing_enabled":true,"_links":{"self":[{"href":"https:\/\/zonaroja.com.mx\/index.php?rest_route=\/wp\/v2\/posts\/6273","targetHints":{"allow":["GET"]}}],"collection":[{"href":"https:\/\/zonaroja.com.mx\/index.php?rest_route=\/wp\/v2\/posts"}],"about":[{"href":"https:\/\/zonaroja.com.mx\/index.php?rest_route=\/wp\/v2\/types\/post"}],"author":[{"embeddable":true,"href":"https:\/\/zonaroja.com.mx\/index.php?rest_route=\/wp\/v2\/users\/2"}],"replies":[{"embeddable":true,"href":"https:\/\/zonaroja.com.mx\/index.php?rest_route=%2Fwp%2Fv2%2Fcomments&post=6273"}],"version-history":[{"count":1,"href":"https:\/\/zonaroja.com.mx\/index.php?rest_route=\/wp\/v2\/posts\/6273\/revisions"}],"predecessor-version":[{"id":6274,"href":"https:\/\/zonaroja.com.mx\/index.php?rest_route=\/wp\/v2\/posts\/6273\/revisions\/6274"}],"wp:featuredmedia":[{"embeddable":true,"href":"https:\/\/zonaroja.com.mx\/index.php?rest_route=\/wp\/v2\/media\/6272"}],"wp:attachment":[{"href":"https:\/\/zonaroja.com.mx\/index.php?rest_route=%2Fwp%2Fv2%2Fmedia&parent=6273"}],"wp:term":[{"taxonomy":"category","embeddable":true,"href":"https:\/\/zonaroja.com.mx\/index.php?rest_route=%2Fwp%2Fv2%2Fcategories&post=6273"},{"taxonomy":"post_tag","embeddable":true,"href":"https:\/\/zonaroja.com.mx\/index.php?rest_route=%2Fwp%2Fv2%2Ftags&post=6273"}],"curies":[{"name":"wp","href":"https:\/\/api.w.org\/{rel}","templated":true}]}}