{"id":62730,"date":"2023-12-01T12:30:00","date_gmt":"2023-12-01T18:30:00","guid":{"rendered":"http:\/\/www.zonaroja.com.mx\/?p=62730"},"modified":"2023-12-01T08:34:08","modified_gmt":"2023-12-01T14:34:08","slug":"celebra-diputada-aprobacion-de-reforma-que-fomenta-la-cultura-del-agua-y-su-uso-racional","status":"publish","type":"post","link":"https:\/\/zonaroja.com.mx\/?p=62730","title":{"rendered":"Celebra diputada aprobaci\u00f3n de reforma que fomenta la cultura del agua y su uso racional"},"content":{"rendered":"\n<p>Redacci\u00f3n\/Zona Roja.<\/p>\n\n\n\n<p>Oaxaca de Ju\u00e1rez, Oax., a 1 de diciembre de 2023.- La presidenta de la Comisi\u00f3n de Agua y Saneamiento del Congreso del Estado, Mariana Ben\u00edtez Tiburcio, celebr\u00f3 la aprobaci\u00f3n de la reforma a Ley de Agua Potable y Alcantarillado para el Estado de Oaxaca, que promueve el desarrollo de la cultura del agua acorde a la realidad de cada una de las regiones de la entidad.&nbsp;<\/p>\n\n\n\n<p>La legisladora oaxaque\u00f1a precis\u00f3 que esta iniciativa presentada por el diputado local y Presidente de la Junta de Coordinaci\u00f3n Pol\u00edtica (Jucopo), Sergio L\u00f3pez S\u00e1nchez, le otorga al estado la responsabilidad de reconocer y respetar las pr\u00e1cticas de los pueblos originarios de la entidad para el cuidado del agua.<\/p>\n\n\n\n<p>A su vez, dijo que \u201cestablece a las autoridades estatales la obligaci\u00f3n de fomentar el uso racional y sustentable del agua, as\u00ed como su conservaci\u00f3n mediante el uso de tecnolog\u00edas y la optimizaci\u00f3n del manejo integral de los recursos h\u00eddricos existentes\u201d.<\/p>\n\n\n\n<p>La congresista expuso que de acuerdo con la Organizaci\u00f3n de las Naciones Unidas (ONU) es altamente probable que, en un futuro muy cercano, 1800 millones de personas se encontrar\u00e1n en un planeta con escasez de agua de moderado a grave, y que una de sus causas es la falta de cuidado del agua.<\/p>\n\n\n\n<p>\u201cPor ello, desde la Comisi\u00f3n que presido consideramos dictaminar positivamente esta iniciativa que busca impulsar un cambio proactivo en la participaci\u00f3n individual y social en torno al uso sostenible del agua para no afectar a las siguientes generaciones\u201d, sostuvo.<\/p>\n\n\n\n<p>La diputada oaxaque\u00f1a indic\u00f3 que este es un primer paso para construir un legado de cuidado y respeto por el agua que beneficie a las nuevas generaciones del Estado.&nbsp;<\/p>\n\n\n\n<p>EVALUAR CALIDAD<\/p>\n\n\n\n<p>Por otra parte, la diputada Mariana Ben\u00edtez Tiburcio, destac\u00f3 la aprobaci\u00f3n realizada por el pleno del dictamen con proyecto de decreto, para exhortar a los 570 ayuntamientos del estado de Oaxaca, para que realicen las acciones necesarias para evaluar la calidad del agua potable que reciben sus habitantes de acuerdo con la NOM-127-SSA1-2021.<\/p>\n\n\n\n<p>Con ello, en caso de encontrarse contaminantes, las autoridades municipales realicen de inmediato el tratamiento correspondiente para mejorar la calidad del agua.<\/p>\n\n\n\n<p>La legisladora refiri\u00f3 que, de acuerdo con la Organizaci\u00f3n Mundial de la Salud, todos los a\u00f1os 2.300 millones de personas padecen de enfermedades relacionadas con el agua y aproximadamente 1.800 millones de personas en todo el mundo utilizan una fuente de agua potable que est\u00e1 contaminada por restos fecales.<\/p>\n\n\n\n<p>Finalmente, la diputada local expres\u00f3 que es prioritario que los municipios brinden un servicio de agua que cuente con procesos de potabilizaci\u00f3n con el prop\u00f3sito de evitar riesgos a la salud de la poblaci\u00f3n y prevenir enfermedades infecciosas y parasitarias.<\/p>\n","protected":false},"excerpt":{"rendered":"<p>Redacci\u00f3n\/Zona Roja. Oaxaca de Ju\u00e1rez, Oax., a 1 de diciembre de 2023.- La presidenta de&hellip;<\/p>\n","protected":false},"author":2,"featured_media":59333,"comment_status":"closed","ping_status":"open","sticky":false,"template":"","format":"standard","meta":{"_lmt_disableupdate":"","_lmt_disable":"","_jetpack_memberships_contains_paid_content":false,"footnotes":""},"categories":[109,46],"tags":[2969],"class_list":["post-62730","post","type-post","status-publish","format-standard","has-post-thumbnail","hentry","category-minuto-a-minuto","category-zona-blanca","tag-mariana-benitez-tiburcio"],"jetpack_featured_media_url":"https:\/\/zonaroja.com.mx\/wp-content\/uploads\/2023\/08\/Mariana-Benitez-T.jpg","jetpack_sharing_enabled":true,"_links":{"self":[{"href":"https:\/\/zonaroja.com.mx\/index.php?rest_route=\/wp\/v2\/posts\/62730","targetHints":{"allow":["GET"]}}],"collection":[{"href":"https:\/\/zonaroja.com.mx\/index.php?rest_route=\/wp\/v2\/posts"}],"about":[{"href":"https:\/\/zonaroja.com.mx\/index.php?rest_route=\/wp\/v2\/types\/post"}],"author":[{"embeddable":true,"href":"https:\/\/zonaroja.com.mx\/index.php?rest_route=\/wp\/v2\/users\/2"}],"replies":[{"embeddable":true,"href":"https:\/\/zonaroja.com.mx\/index.php?rest_route=%2Fwp%2Fv2%2Fcomments&post=62730"}],"version-history":[{"count":1,"href":"https:\/\/zonaroja.com.mx\/index.php?rest_route=\/wp\/v2\/posts\/62730\/revisions"}],"predecessor-version":[{"id":62731,"href":"https:\/\/zonaroja.com.mx\/index.php?rest_route=\/wp\/v2\/posts\/62730\/revisions\/62731"}],"wp:featuredmedia":[{"embeddable":true,"href":"https:\/\/zonaroja.com.mx\/index.php?rest_route=\/wp\/v2\/media\/59333"}],"wp:attachment":[{"href":"https:\/\/zonaroja.com.mx\/index.php?rest_route=%2Fwp%2Fv2%2Fmedia&parent=62730"}],"wp:term":[{"taxonomy":"category","embeddable":true,"href":"https:\/\/zonaroja.com.mx\/index.php?rest_route=%2Fwp%2Fv2%2Fcategories&post=62730"},{"taxonomy":"post_tag","embeddable":true,"href":"https:\/\/zonaroja.com.mx\/index.php?rest_route=%2Fwp%2Fv2%2Ftags&post=62730"}],"curies":[{"name":"wp","href":"https:\/\/api.w.org\/{rel}","templated":true}]}}