{"id":62737,"date":"2023-12-01T13:34:24","date_gmt":"2023-12-01T19:34:24","guid":{"rendered":"http:\/\/www.zonaroja.com.mx\/?p=62737"},"modified":"2023-12-01T13:34:25","modified_gmt":"2023-12-01T19:34:25","slug":"confirman-ejecucion-de-mando-policiaco-en-salina-cruz-oaxaca","status":"publish","type":"post","link":"https:\/\/zonaroja.com.mx\/?p=62737","title":{"rendered":"Confirman ejecuci\u00f3n de mando policiaco en Salina Cruz, Oaxaca"},"content":{"rendered":"\n<p>Redacci\u00f3n\/Zona Roja. <\/p>\n\n\n\n<p>Oaxaca de Ju\u00e1rez, Oax., a 1 de diciembre de 2023.- Autoridades estatales y municipales confirmaron la ejecuci\u00f3n a balazos de un mando policiaco local.&nbsp;<\/p>\n\n\n\n<p>El cuerpo fue localizado la ma\u00f1ana de hoy en la colonia La Santita de la agencia municipal de las Salinas del Marqu\u00e9s.<\/p>\n\n\n\n<p>La v\u00edctima fue identificada como Carlos Arturo L. B., quien se desempe\u00f1aba como director del \u00e1rea de prevenci\u00f3n al delito de Seguridad P\u00fablica Municipal de dicha ciudad istme\u00f1a.&nbsp;<\/p>\n\n\n\n<p>El polic\u00eda fue acribillado a bordo de su unidad de motor, un coche marca&nbsp;Chrysler, tipo Cirrus, color blanco, que estaba estacionado al exterior de su domicilio particular.<\/p>\n\n\n\n<p>Hasta el momento las autoridades no han confirmado detenciones por este crimen. La Vicefiscal\u00eda Regional del Istmo inici\u00f3 la carpeta de investigaci\u00f3n correspondiente para dar con el o los responsables del homicidio doloso.&nbsp;<\/p>\n","protected":false},"excerpt":{"rendered":"<p>Redacci\u00f3n\/Zona Roja. Oaxaca de Ju\u00e1rez, Oax., a 1 de diciembre de 2023.- Autoridades estatales y&hellip;<\/p>\n","protected":false},"author":2,"featured_media":62736,"comment_status":"closed","ping_status":"open","sticky":false,"template":"","format":"standard","meta":{"_lmt_disableupdate":"","_lmt_disable":"","_jetpack_memberships_contains_paid_content":false,"footnotes":""},"categories":[109,51],"tags":[],"class_list":["post-62737","post","type-post","status-publish","format-standard","has-post-thumbnail","hentry","category-minuto-a-minuto","category-zona-roja"],"jetpack_featured_media_url":"https:\/\/zonaroja.com.mx\/wp-content\/uploads\/2023\/12\/5e6127d6-e352-4308-9ffd-682cd5030384-1.jpg","jetpack_sharing_enabled":true,"_links":{"self":[{"href":"https:\/\/zonaroja.com.mx\/index.php?rest_route=\/wp\/v2\/posts\/62737","targetHints":{"allow":["GET"]}}],"collection":[{"href":"https:\/\/zonaroja.com.mx\/index.php?rest_route=\/wp\/v2\/posts"}],"about":[{"href":"https:\/\/zonaroja.com.mx\/index.php?rest_route=\/wp\/v2\/types\/post"}],"author":[{"embeddable":true,"href":"https:\/\/zonaroja.com.mx\/index.php?rest_route=\/wp\/v2\/users\/2"}],"replies":[{"embeddable":true,"href":"https:\/\/zonaroja.com.mx\/index.php?rest_route=%2Fwp%2Fv2%2Fcomments&post=62737"}],"version-history":[{"count":1,"href":"https:\/\/zonaroja.com.mx\/index.php?rest_route=\/wp\/v2\/posts\/62737\/revisions"}],"predecessor-version":[{"id":62738,"href":"https:\/\/zonaroja.com.mx\/index.php?rest_route=\/wp\/v2\/posts\/62737\/revisions\/62738"}],"wp:featuredmedia":[{"embeddable":true,"href":"https:\/\/zonaroja.com.mx\/index.php?rest_route=\/wp\/v2\/media\/62736"}],"wp:attachment":[{"href":"https:\/\/zonaroja.com.mx\/index.php?rest_route=%2Fwp%2Fv2%2Fmedia&parent=62737"}],"wp:term":[{"taxonomy":"category","embeddable":true,"href":"https:\/\/zonaroja.com.mx\/index.php?rest_route=%2Fwp%2Fv2%2Fcategories&post=62737"},{"taxonomy":"post_tag","embeddable":true,"href":"https:\/\/zonaroja.com.mx\/index.php?rest_route=%2Fwp%2Fv2%2Ftags&post=62737"}],"curies":[{"name":"wp","href":"https:\/\/api.w.org\/{rel}","templated":true}]}}