{"id":62746,"date":"2023-12-01T21:32:47","date_gmt":"2023-12-02T03:32:47","guid":{"rendered":"http:\/\/www.zonaroja.com.mx\/?p=62746"},"modified":"2023-12-01T21:32:50","modified_gmt":"2023-12-02T03:32:50","slug":"caida-de-helicoptero-de-la-cfe-en-morelos-deja-tres-muertos","status":"publish","type":"post","link":"https:\/\/zonaroja.com.mx\/?p=62746","title":{"rendered":"Ca\u00edda de helic\u00f3ptero de la CFE en Morelos deja tres muertos"},"content":{"rendered":"\n<p>Redacci\u00f3n\/Zona Roja Cdmx.<\/p>\n\n\n\n<p>Ciudad de M\u00e9xico, a 1 de diciembre de 2023.- Un helic\u00f3ptero de la Comisi\u00f3n Federal de Electricidad (CFE) se desplom\u00f3 mientras realizaba un vuelo de reconocimiento programado sobre la subestaci\u00f3n el\u00e9ctrica Yautepec Potencia, accidente en el cual fallecieron tres personas, inform\u00f3 la empresa estatal.<\/p>\n\n\n\n<p>La CFE detall\u00f3 que aproximadamente a las 10:39 horas del viernes, la aeronave modelo Eurocopter EC-130 con matr\u00edcula XA-NAT, asignado a la subdirecci\u00f3n de Seguridad F\u00edsica de la CFE, se desplom\u00f3 sobre campos de cultivo a 60 metros de la barda perimetral de la instalaci\u00f3n, incendi\u00e1ndose al momento del impacto.<\/p>\n\n\n\n<p>La CFE indic\u00f3 que abordo del helic\u00f3ptero se encontraban el capit\u00e1n piloto Felipe Eduardo Rosas Ayala, el copiloto Joel Ortiz Paredes, y el capit\u00e1n Segundo del Arma Blindada Retirado Carlos Alonso Rivas Iribarren, Comandante de la Instalaci\u00f3n S.E. Emiliano Zapata de la empresa estatal.<\/p>\n\n\n\n<p>A la lugar del siniestro se traslad\u00f3 personal de la empresa, para ejecutar los protocolos de investigaci\u00f3n correspondientes y determinar las causas del accidente. Asimismo, se estableci\u00f3 coordinaci\u00f3n con las autoridades civiles de Seguridad P\u00fablica y Ministeriales, as\u00ed como militares y de Guardia Nacional, dijo la CFE.<\/p>\n\n\n\n<p>La CFE destac\u00f3 que los tripulantes se distinguieron recientemente por su labor en las labores de rescate y restablecimiento de la energ\u00eda el\u00e9ctrica en Guerrero, tras el paso del hurac\u00e1n Otis.<\/p>\n\n\n\n<p>(Informaci\u00f3n de \u201cLa Jornada\u201d)<\/p>\n","protected":false},"excerpt":{"rendered":"<p>Redacci\u00f3n\/Zona Roja Cdmx. Ciudad de M\u00e9xico, a 1 de diciembre de 2023.- Un helic\u00f3ptero de&hellip;<\/p>\n","protected":false},"author":2,"featured_media":62747,"comment_status":"closed","ping_status":"open","sticky":false,"template":"","format":"standard","meta":{"_lmt_disableupdate":"","_lmt_disable":"","_jetpack_memberships_contains_paid_content":false,"footnotes":""},"categories":[109,47],"tags":[622],"class_list":["post-62746","post","type-post","status-publish","format-standard","has-post-thumbnail","hentry","category-minuto-a-minuto","category-zona-gris","tag-michoacan"],"jetpack_featured_media_url":"https:\/\/zonaroja.com.mx\/wp-content\/uploads\/2023\/12\/Caida-helicoptero-Morelos.jpeg","jetpack_sharing_enabled":true,"_links":{"self":[{"href":"https:\/\/zonaroja.com.mx\/index.php?rest_route=\/wp\/v2\/posts\/62746","targetHints":{"allow":["GET"]}}],"collection":[{"href":"https:\/\/zonaroja.com.mx\/index.php?rest_route=\/wp\/v2\/posts"}],"about":[{"href":"https:\/\/zonaroja.com.mx\/index.php?rest_route=\/wp\/v2\/types\/post"}],"author":[{"embeddable":true,"href":"https:\/\/zonaroja.com.mx\/index.php?rest_route=\/wp\/v2\/users\/2"}],"replies":[{"embeddable":true,"href":"https:\/\/zonaroja.com.mx\/index.php?rest_route=%2Fwp%2Fv2%2Fcomments&post=62746"}],"version-history":[{"count":1,"href":"https:\/\/zonaroja.com.mx\/index.php?rest_route=\/wp\/v2\/posts\/62746\/revisions"}],"predecessor-version":[{"id":62748,"href":"https:\/\/zonaroja.com.mx\/index.php?rest_route=\/wp\/v2\/posts\/62746\/revisions\/62748"}],"wp:featuredmedia":[{"embeddable":true,"href":"https:\/\/zonaroja.com.mx\/index.php?rest_route=\/wp\/v2\/media\/62747"}],"wp:attachment":[{"href":"https:\/\/zonaroja.com.mx\/index.php?rest_route=%2Fwp%2Fv2%2Fmedia&parent=62746"}],"wp:term":[{"taxonomy":"category","embeddable":true,"href":"https:\/\/zonaroja.com.mx\/index.php?rest_route=%2Fwp%2Fv2%2Fcategories&post=62746"},{"taxonomy":"post_tag","embeddable":true,"href":"https:\/\/zonaroja.com.mx\/index.php?rest_route=%2Fwp%2Fv2%2Ftags&post=62746"}],"curies":[{"name":"wp","href":"https:\/\/api.w.org\/{rel}","templated":true}]}}