{"id":62749,"date":"2023-12-02T07:00:44","date_gmt":"2023-12-02T13:00:44","guid":{"rendered":"http:\/\/www.zonaroja.com.mx\/?p=62749"},"modified":"2023-12-02T07:00:46","modified_gmt":"2023-12-02T13:00:46","slug":"hay-transformacion-en-oaxaca-a-un-ano-de-gobierno-nino-morales","status":"publish","type":"post","link":"https:\/\/zonaroja.com.mx\/?p=62749","title":{"rendered":"Hay transformaci\u00f3n en Oaxaca, a un a\u00f1o de gobierno: Nino Morales"},"content":{"rendered":"\n<p>Raymundo Morales\/Zona Roja.<\/p>\n\n\n\n<p>Oaxaca de Ju\u00e1rez, Oax.- 2 de diciembre de 2023.- El militante destacado del Partido Morena, Antonino Morales Toledo, felicit\u00f3 al gobernador Salom\u00f3n Jara Cruz al cumplir un a\u00f1o al frente del gobierno y destac\u00f3 que se comienza a ver la transformaci\u00f3n de Oaxaca.&nbsp;<\/p>\n\n\n\n<p>\u201cSin duda que estamos escribiendo una nueva y mejor historia para Oaxaca, sostuvo el referente estatal de la Cuarta Transformaci\u00f3n.<\/p>\n\n\n\n<p>Expuso que a un a\u00f1o de iniciarse la administraci\u00f3n estatal encabezada por el ingeniero Jara Cruz, &nbsp;Oaxaca tiene un nuevo rostro, toda vez que al ser una administraci\u00f3n de territorio, se escucha, se atiende y resuelve las necesidades y demandas de manera directa y personalizada.<\/p>\n\n\n\n<p>Nino Morales indic\u00f3 que la \u201cPrimavera Oaxaque\u00f1a\u201d, la escribe el mismo pueblo de Oaxaca, acompa\u00f1ando a su mandatario estatal, y se hace &nbsp;de manera responsable, eficaz y en armon\u00eda, siempre priorizando a las comunidades y los pueblos, para llevar bienestar a las familias oaxaque\u00f1as.<\/p>\n\n\n\n<p>\u00abSe cumple un a\u00f1o del gobierno de la Primavera Oaxaque\u00f1a. Tenemos, sin duda, un gobernador que trabaja incansablemente para que en Oaxaca florezca el desarrollo, la justicia y el bienestar\u00bb, &nbsp;destac\u00f3 Nino Morales.<\/p>\n","protected":false},"excerpt":{"rendered":"<p>Raymundo Morales\/Zona Roja. Oaxaca de Ju\u00e1rez, Oax.- 2 de diciembre de 2023.- El militante destacado&hellip;<\/p>\n","protected":false},"author":2,"featured_media":60519,"comment_status":"closed","ping_status":"open","sticky":false,"template":"","format":"standard","meta":{"_lmt_disableupdate":"","_lmt_disable":"","_jetpack_memberships_contains_paid_content":false,"footnotes":""},"categories":[109,46],"tags":[180],"class_list":["post-62749","post","type-post","status-publish","format-standard","has-post-thumbnail","hentry","category-minuto-a-minuto","category-zona-blanca","tag-antonino-morales-toledo"],"jetpack_featured_media_url":"https:\/\/zonaroja.com.mx\/wp-content\/uploads\/2023\/10\/Antonino-Morales-y-Salomon-Jara.jpg","jetpack_sharing_enabled":true,"_links":{"self":[{"href":"https:\/\/zonaroja.com.mx\/index.php?rest_route=\/wp\/v2\/posts\/62749","targetHints":{"allow":["GET"]}}],"collection":[{"href":"https:\/\/zonaroja.com.mx\/index.php?rest_route=\/wp\/v2\/posts"}],"about":[{"href":"https:\/\/zonaroja.com.mx\/index.php?rest_route=\/wp\/v2\/types\/post"}],"author":[{"embeddable":true,"href":"https:\/\/zonaroja.com.mx\/index.php?rest_route=\/wp\/v2\/users\/2"}],"replies":[{"embeddable":true,"href":"https:\/\/zonaroja.com.mx\/index.php?rest_route=%2Fwp%2Fv2%2Fcomments&post=62749"}],"version-history":[{"count":1,"href":"https:\/\/zonaroja.com.mx\/index.php?rest_route=\/wp\/v2\/posts\/62749\/revisions"}],"predecessor-version":[{"id":62750,"href":"https:\/\/zonaroja.com.mx\/index.php?rest_route=\/wp\/v2\/posts\/62749\/revisions\/62750"}],"wp:featuredmedia":[{"embeddable":true,"href":"https:\/\/zonaroja.com.mx\/index.php?rest_route=\/wp\/v2\/media\/60519"}],"wp:attachment":[{"href":"https:\/\/zonaroja.com.mx\/index.php?rest_route=%2Fwp%2Fv2%2Fmedia&parent=62749"}],"wp:term":[{"taxonomy":"category","embeddable":true,"href":"https:\/\/zonaroja.com.mx\/index.php?rest_route=%2Fwp%2Fv2%2Fcategories&post=62749"},{"taxonomy":"post_tag","embeddable":true,"href":"https:\/\/zonaroja.com.mx\/index.php?rest_route=%2Fwp%2Fv2%2Ftags&post=62749"}],"curies":[{"name":"wp","href":"https:\/\/api.w.org\/{rel}","templated":true}]}}