{"id":6275,"date":"2019-12-02T16:37:30","date_gmt":"2019-12-02T22:37:30","guid":{"rendered":"http:\/\/www.zonaroja.com.mx\/?p=6275"},"modified":"2019-12-02T16:52:02","modified_gmt":"2019-12-02T22:52:02","slug":"tres-comunidades-chatinas-suman-solidaridad-y-respaldo-a-yaitepec","status":"publish","type":"post","link":"https:\/\/zonaroja.com.mx\/?p=6275","title":{"rendered":"Tres comunidades chatinas suman solidaridad y respaldo a Yaitepec"},"content":{"rendered":"\n<p>Redacci\u00f3n\/Zona Roja.<\/p>\n\n\n\n<p>Oaxaca de Ju\u00e1rez, Oax., 2 de diciembre\nde 2019.- Tras los hechos violentos el fin de semana en contra de pobladores de\nSantiago Yaitepec, ind\u00edgenas chatinos de tres comunidades vecinas y sus\nautoridades expresaron su apoyo total a las v\u00edctimas de desalojos.<\/p>\n\n\n\n<p>Se trata de San Juan Quiahije,\nCieneguilla y San Jos\u00e9 Ixtapan, quienes respaldaron a sus vecinos y lamentaron\nque la violencia se haya hecho presente en la zona en contra de las comunidades\nind\u00edgenas, particularmente en los pueblos chatinos.<\/p>\n\n\n\n<p>La Polic\u00eda Estatal y la Guardia\nNacional, desalojaron con el uso de gas lacrim\u00f3geno, a mujeres de Yaitepec en\nel paraje \u201cEl Pedimento\u201d, donde tras ello una mujer perdi\u00f3 la vida, Maximina, a\ncausa de golpes y gases; hasta el momento el gobierno no ha desmentido con\ndocumentos lo contrario.<\/p>\n\n\n\n<p>El domingo, de nueva cuenta, con\ncartuchos de gas lanzados desde un helic\u00f3ptero, nuevamente Yaitepec fue\nagredido y desalojado del bloqueo carretero en el Paraje R\u00edo Manteca, sobre la\ncarretera de acceso a Juquila.<\/p>\n\n\n\n<p>\u201cQueremos pronunciarnos por un hecho lamentable suscitado en Yaitepec, donde nuestros hermanos fueron desalojados por elementos de seguridad, sin que se haya privilegiado el di\u00e1logo\u201d, se dio a conocer un video que se difundi\u00f3 a trav\u00e9s de las redes sociales.<\/p>\n\n\n\n<figure class=\"wp-block-embed-twitter wp-block-embed is-type-rich is-provider-twitter\"><div class=\"wp-block-embed__wrapper\">\n<div class=\"twitter-tweet\"><blockquote class=\"twitter-tweet\" data-lang=\"es\"><p lang=\"es\" dir=\"ltr\"><a href=\"https:\/\/twitter.com\/hashtag\/OaxacaRojo?src=hash&amp;ref_src=twsrc%5Etfw\">#OaxacaRojo<\/a><br>Se unen San Juan Quiahije, Cieneguilla y San Jos\u00e9 Ixtapan para respaldar a Santiago Yaitepec; recriminan al <a href=\"https:\/\/twitter.com\/GobOax?ref_src=twsrc%5Etfw\">@goboax<\/a> <a href=\"https:\/\/twitter.com\/SSP_GobOax?ref_src=twsrc%5Etfw\">@SSP_GobOax<\/a> <a href=\"https:\/\/twitter.com\/Policia_GobOax?ref_src=twsrc%5Etfw\">@Policia_GobOax<\/a> y a la <a href=\"https:\/\/twitter.com\/GN_MEXICO_?ref_src=twsrc%5Etfw\">@GN_MEXICO_<\/a> las agresiones armadas;  exigen cesen los ataques a ind\u00edgenas chatinos.<a href=\"https:\/\/twitter.com\/CNDH?ref_src=twsrc%5Etfw\">@CNDH<\/a> <a href=\"https:\/\/twitter.com\/DDHPO?ref_src=twsrc%5Etfw\">@DDHPO<\/a> <a href=\"https:\/\/twitter.com\/KarinaBaronO?ref_src=twsrc%5Etfw\">@KarinaBaronO<\/a> <a href=\"https:\/\/t.co\/oJq6epxSdX\">pic.twitter.com\/oJq6epxSdX<\/a><\/p>&mdash; Zona Roja Oaxaca (@MexRoja) <a href=\"https:\/\/twitter.com\/MexRoja\/status\/1201337601078087680?ref_src=twsrc%5Etfw\">2 de diciembre de 2019<\/a><\/blockquote><\/div>\n<\/div><\/figure>\n\n\n\n<p>Independientemente de pronunciar su\nrespaldo, habitantes de estas tres poblaciones recriminaron al Gobierno del\nEstado y a la Guardia Nacional las agresiones armadas en contra de ni\u00f1as,\nni\u00f1os, mujeres y personas adultas mayores, as\u00ed como exigieron justicia y el\ncese a los ataques a los pueblos chatinos.<\/p>\n\n\n\n<p>\u201cExigimos justicia y el cese de los\natropellos en contra de los derechos de los pueblos ind\u00edgenas y derechos\nfundamentales de los pueblos chatino, as\u00ed que pedimos paz y justicia\u201d,\nse\u00f1alaron.<\/p>\n\n\n\n<p>Mientras que pobladores de Santiago\nYaitepec difundieron un video con el que denuncian que elementos de seguridad\ningresaron de forma violenta a la poblaci\u00f3n, prueba de ello es que intentaron\nabrir por la fuerza un veh\u00edculo, que no estorbaba el tr\u00e1nsito vehicular, en R\u00edo\nManteca, sin embargo al no lograrlo, lo vandalizaron.<\/p>\n\n\n\n<p>Este lunes se mantiene la tensi\u00f3n en la\nzona de \u201cEl Pedimento\u201d que se encuentra en conflicto desde hace a\u00f1os entre\nhabitantes de Santa Catarina Juquila y Santiago Yaitepec, estos \u00faltimos fueron\ndesalojados el pasado s\u00e1bado de la zona, luego de una serie de movilizaciones\nque encabezaran habitantes de Juquila en la capital de Oaxaca.<\/p>\n\n\n\n<p>De acuerdo con los pobladores de Yaitepec, la intervenci\u00f3n de las fuerzas armadas dej\u00f3 como saldo una persona muerta, declaraci\u00f3n que fue rechazada por el Gobierno de Oaxaca que a trav\u00e9s de un comunicado informe que sin ning\u00fan tipo de incidente se recuper\u00f3 \u201cEl Pedimento\u201d el cual qued\u00f3 al reguardo de la autoridad estatal.<\/p>\n\n\n\n<figure class=\"wp-block-embed-twitter wp-block-embed is-type-rich is-provider-twitter\"><div class=\"wp-block-embed__wrapper\">\n<div class=\"twitter-tweet\"><blockquote class=\"twitter-tweet\" data-lang=\"es\"><p lang=\"es\" dir=\"ltr\"><a href=\"https:\/\/twitter.com\/hashtag\/OaxacaRojo?src=hash&amp;ref_src=twsrc%5Etfw\">#OaxacaRojo<\/a><br>Vecinos de Santiago <a href=\"https:\/\/twitter.com\/hashtag\/Yaitepec?src=hash&amp;ref_src=twsrc%5Etfw\">#Yaitepec<\/a> difunden video en que elementos de la <a href=\"https:\/\/twitter.com\/Policia_GobOax?ref_src=twsrc%5Etfw\">@Policia_GobOax<\/a> intentan abrir por la fuerza un veh\u00edculo, que no estorbaba el tr\u00e1nsito vehicular, en R\u00edo Manteca; al no lograrlo, lo vandalizan. Este lunes se mantiene la tensi\u00f3n en la zona. <a href=\"https:\/\/t.co\/ZUImIeN2XO\">pic.twitter.com\/ZUImIeN2XO<\/a><\/p>&mdash; Zona Roja Oaxaca (@MexRoja) <a href=\"https:\/\/twitter.com\/MexRoja\/status\/1201506646566096896?ref_src=twsrc%5Etfw\">2 de diciembre de 2019<\/a><\/blockquote><\/div>\n<\/div><\/figure>\n","protected":false},"excerpt":{"rendered":"<p>Redacci\u00f3n\/Zona Roja. Oaxaca de Ju\u00e1rez, Oax., 2 de diciembre de 2019.- Tras los hechos violentos&hellip;<\/p>\n","protected":false},"author":2,"featured_media":6276,"comment_status":"closed","ping_status":"open","sticky":false,"template":"","format":"standard","meta":{"_lmt_disableupdate":"","_lmt_disable":"","_jetpack_memberships_contains_paid_content":false,"footnotes":""},"categories":[109,51],"tags":[556],"class_list":["post-6275","post","type-post","status-publish","format-standard","has-post-thumbnail","hentry","category-minuto-a-minuto","category-zona-roja","tag-conflicto-yaitepec-juquila"],"jetpack_featured_media_url":"https:\/\/zonaroja.com.mx\/wp-content\/uploads\/2019\/12\/Chatinos.jpg","jetpack_sharing_enabled":true,"_links":{"self":[{"href":"https:\/\/zonaroja.com.mx\/index.php?rest_route=\/wp\/v2\/posts\/6275","targetHints":{"allow":["GET"]}}],"collection":[{"href":"https:\/\/zonaroja.com.mx\/index.php?rest_route=\/wp\/v2\/posts"}],"about":[{"href":"https:\/\/zonaroja.com.mx\/index.php?rest_route=\/wp\/v2\/types\/post"}],"author":[{"embeddable":true,"href":"https:\/\/zonaroja.com.mx\/index.php?rest_route=\/wp\/v2\/users\/2"}],"replies":[{"embeddable":true,"href":"https:\/\/zonaroja.com.mx\/index.php?rest_route=%2Fwp%2Fv2%2Fcomments&post=6275"}],"version-history":[{"count":2,"href":"https:\/\/zonaroja.com.mx\/index.php?rest_route=\/wp\/v2\/posts\/6275\/revisions"}],"predecessor-version":[{"id":6280,"href":"https:\/\/zonaroja.com.mx\/index.php?rest_route=\/wp\/v2\/posts\/6275\/revisions\/6280"}],"wp:featuredmedia":[{"embeddable":true,"href":"https:\/\/zonaroja.com.mx\/index.php?rest_route=\/wp\/v2\/media\/6276"}],"wp:attachment":[{"href":"https:\/\/zonaroja.com.mx\/index.php?rest_route=%2Fwp%2Fv2%2Fmedia&parent=6275"}],"wp:term":[{"taxonomy":"category","embeddable":true,"href":"https:\/\/zonaroja.com.mx\/index.php?rest_route=%2Fwp%2Fv2%2Fcategories&post=6275"},{"taxonomy":"post_tag","embeddable":true,"href":"https:\/\/zonaroja.com.mx\/index.php?rest_route=%2Fwp%2Fv2%2Ftags&post=6275"}],"curies":[{"name":"wp","href":"https:\/\/api.w.org\/{rel}","templated":true}]}}