{"id":62757,"date":"2023-12-02T11:00:00","date_gmt":"2023-12-02T17:00:00","guid":{"rendered":"http:\/\/www.zonaroja.com.mx\/?p=62757"},"modified":"2023-12-02T07:16:27","modified_gmt":"2023-12-02T13:16:27","slug":"ex-funcionaria-de-oaxaca-candidata-de-amlo-a-la-suprema-corte","status":"publish","type":"post","link":"https:\/\/zonaroja.com.mx\/?p=62757","title":{"rendered":"Ex funcionaria de Oaxaca, candidata de AMLO a la Suprema Corte"},"content":{"rendered":"\n<p>Redacci\u00f3n\/Zona Roja.<\/p>\n\n\n\n<p>Oaxaca de Ju\u00e1rez, Oax., a 2 de diciembre de 2023.- El presidente Andr\u00e9s Manuel L\u00f3pez Obrador incluy\u00f3 en la nueva terna que remiti\u00f3 al Senado de la Rep\u00fablica a Er\u00e9ndira Cruzvillegas, jefa de la Unidad de Asuntos Jur\u00eddicos de la Secretar\u00eda de Cultura, para ocupar la vacante de Arturo Zald\u00edvar, tras su renuncia en la Suprema Corte de Justicia de la Naci\u00f3n (SCJN).<\/p>\n\n\n\n<p>Adem\u00e1s, repiti\u00f3 en la lista a Bertha Mar\u00eda Alcalde Lujan y Lenia Batres, y dej\u00f3 fuera a Mar\u00eda Estela R\u00edos Gonz\u00e1lez, quienes por mayor\u00eda de votos en la C\u00e1mara Alta, fueron rechazadas en segunda ronda, para ocupar un espacio en la Corte para los pr\u00f3ximos 15 a\u00f1os.<\/p>\n\n\n\n<p>Er\u00e9ndira CruzVillegas Fuentes es licenciada en Derecho y en Ciencias de la Comunicaci\u00f3n por la UNAM, adem\u00e1s cuenta con una maestr\u00eda en Ciencias de la Educaci\u00f3n y con estudios de maestr\u00eda en Comunicaci\u00f3n Pol\u00edtica.<\/p>\n\n\n\n<p>Estudi\u00f3 la Especialidad en Derechos Humanos por la Universidad de Castilla-La Mancha en Espa\u00f1a, as\u00ed como en Desplazamiento Interno, en la Universidad de San Remo.<\/p>\n\n\n\n<p>Cruzvillegas fungi\u00f3 como Cuarta Visitadora General de la Comisi\u00f3n Nacional de los Derechos Humanos (CNDH), as\u00ed como directora del Centro Nacional de Comunicaci\u00f3n Social A. C. (CENCOS).<\/p>\n\n\n\n<p>Entre otros cargos que ocup\u00f3 fue la relator\u00eda de Libertad de Expresi\u00f3n y Defensores de Derechos Humanos en la Comisi\u00f3n de Derechos Humanos del Distrito Federal.<\/p>\n\n\n\n<p>Er\u00e9ndira Cruzvillegas es fundadora del Comit\u00e9 de Derechos Humanos Ajusco, parte de la Red Nacional de Organismos Civiles de Derechos Humanos \u201cTodos los Derechos para Todas y Todos\u201d A.C.<\/p>\n\n\n\n<p>Y como servidora p\u00fablica se desempe\u00f1\u00f3 como Fiscal Especializada de Personas Desaparecidas de la otrora Procuradur\u00eda General de la Rep\u00fablica (PGR), adem\u00e1s fue Comisionada para la Atenci\u00f3n de los Derechos Humanos del Estado de Oaxaca.<\/p>\n\n\n\n<p>Tambi\u00e9n coordin\u00f3 diferentes proyectos en temas de desarrollo y gesti\u00f3n municipal, construcci\u00f3n de la democracia con diversas organizaciones de la sociedad civil y realizado diferentes investigaciones en temas de derechos humanos, democracia y medios de comunicaci\u00f3n.<\/p>\n\n\n\n<p>Desde febrero del 2020, bajo la administraci\u00f3n del presidente L\u00f3pez Obrador, asumi\u00f3 la jefatura de Unidad de Asuntos Jur\u00eddicos de la Secretar\u00eda de Cultura.<\/p>\n\n\n\n<p>(Informaci\u00f3n de \u201cExpansi\u00f3n Pol\u00edtica\u201d)<\/p>\n","protected":false},"excerpt":{"rendered":"<p>Redacci\u00f3n\/Zona Roja. Oaxaca de Ju\u00e1rez, Oax., a 2 de diciembre de 2023.- El presidente Andr\u00e9s&hellip;<\/p>\n","protected":false},"author":2,"featured_media":62758,"comment_status":"closed","ping_status":"open","sticky":false,"template":"","format":"standard","meta":{"_lmt_disableupdate":"","_lmt_disable":"","_jetpack_memberships_contains_paid_content":false,"footnotes":""},"categories":[109,46],"tags":[3741],"class_list":["post-62757","post","type-post","status-publish","format-standard","has-post-thumbnail","hentry","category-minuto-a-minuto","category-zona-blanca","tag-erendira-cruzvillegas"],"jetpack_featured_media_url":"https:\/\/zonaroja.com.mx\/wp-content\/uploads\/2023\/12\/AMLO-y-Erendira-Cruzvillegas.jpeg","jetpack_sharing_enabled":true,"_links":{"self":[{"href":"https:\/\/zonaroja.com.mx\/index.php?rest_route=\/wp\/v2\/posts\/62757","targetHints":{"allow":["GET"]}}],"collection":[{"href":"https:\/\/zonaroja.com.mx\/index.php?rest_route=\/wp\/v2\/posts"}],"about":[{"href":"https:\/\/zonaroja.com.mx\/index.php?rest_route=\/wp\/v2\/types\/post"}],"author":[{"embeddable":true,"href":"https:\/\/zonaroja.com.mx\/index.php?rest_route=\/wp\/v2\/users\/2"}],"replies":[{"embeddable":true,"href":"https:\/\/zonaroja.com.mx\/index.php?rest_route=%2Fwp%2Fv2%2Fcomments&post=62757"}],"version-history":[{"count":1,"href":"https:\/\/zonaroja.com.mx\/index.php?rest_route=\/wp\/v2\/posts\/62757\/revisions"}],"predecessor-version":[{"id":62759,"href":"https:\/\/zonaroja.com.mx\/index.php?rest_route=\/wp\/v2\/posts\/62757\/revisions\/62759"}],"wp:featuredmedia":[{"embeddable":true,"href":"https:\/\/zonaroja.com.mx\/index.php?rest_route=\/wp\/v2\/media\/62758"}],"wp:attachment":[{"href":"https:\/\/zonaroja.com.mx\/index.php?rest_route=%2Fwp%2Fv2%2Fmedia&parent=62757"}],"wp:term":[{"taxonomy":"category","embeddable":true,"href":"https:\/\/zonaroja.com.mx\/index.php?rest_route=%2Fwp%2Fv2%2Fcategories&post=62757"},{"taxonomy":"post_tag","embeddable":true,"href":"https:\/\/zonaroja.com.mx\/index.php?rest_route=%2Fwp%2Fv2%2Ftags&post=62757"}],"curies":[{"name":"wp","href":"https:\/\/api.w.org\/{rel}","templated":true}]}}