{"id":62762,"date":"2023-12-02T12:00:00","date_gmt":"2023-12-02T18:00:00","guid":{"rendered":"http:\/\/www.zonaroja.com.mx\/?p=62762"},"modified":"2023-12-02T07:34:39","modified_gmt":"2023-12-02T13:34:39","slug":"a-una-semana-de-festividades-juquila-suma-tres-dias-de-crisis","status":"publish","type":"post","link":"https:\/\/zonaroja.com.mx\/?p=62762","title":{"rendered":"A una semana de festividades, Juquila suma tres d\u00edas de crisis"},"content":{"rendered":"\n<p>Raymundo Morales\/Zona Roja.<\/p>\n\n\n\n<p>Oaxaca de Ju\u00e1rez, Oax., a 2 de diciembre de 2023.- A una semana de la principal festividad religiosa en el estado, la crisis en el municipio de Santa Catarina Juquila cumple tres d\u00edas.<\/p>\n\n\n\n<p>Pobladores de la cabecera municipal y agencias mantienen en su poder el palacio municipal, en demanda de la renuncia del presidente municipal, Felipe Ju\u00e1rez, del Partido Morena, a quien acusan de no realizar ninguna obra p\u00fablica y de probable desv\u00edo de recursos.<\/p>\n\n\n\n<p>Fue tras una asamblea, el pasado mi\u00e9rcoles, en que la comunidad de ese municipio de la regi\u00f3n Costa de Oaxaca determin\u00f3 cerrar la sede del poder municipal, ante el nulo inter\u00e9s del edil por dialogar con los inconformes y atender las demandas.<\/p>\n\n\n\n<p>Entre otras irregularidades, acusan carencia de obras publica, p\u00e9simas condiciones de la infraestructura municipal, caminos da\u00f1ados, desatenci\u00f3n en el parque municipal, falta de agua y probable corrupci\u00f3n.<\/p>\n\n\n\n<p>Tambi\u00e9n, nula transparencia en la aplicaci\u00f3n de los recursos federales de los ramos 28 y 33, as\u00ed como del apoyo econ\u00f3mico del Presidente Andr\u00e9s Manuel L\u00f3pez Obrador otorgado para los damnificados del hurac\u00e1n \u201c\u00c1gatha\u201d.<\/p>\n\n\n\n<p>Tambi\u00e9n, desde hace meses han denunciado los p\u00e9simos servicios en materia de salud y la carencia de personal m\u00e9dico, as\u00ed como de medicinas y otros materiales.<\/p>\n\n\n\n<p>De acuerdo con los inconformes, tan s\u00f3lo el a\u00f1o pasado, el ayuntamiento recibi\u00f3 recursos por 27 millones de pesos y hasta el momento el presidente municipal Felipe Ju\u00e1rez no han rendido cuentas de ello.<\/p>\n","protected":false},"excerpt":{"rendered":"<p>Raymundo Morales\/Zona Roja. Oaxaca de Ju\u00e1rez, Oax., a 2 de diciembre de 2023.- A una&hellip;<\/p>\n","protected":false},"author":2,"featured_media":62763,"comment_status":"closed","ping_status":"open","sticky":false,"template":"","format":"standard","meta":{"_lmt_disableupdate":"","_lmt_disable":"","_jetpack_memberships_contains_paid_content":false,"footnotes":""},"categories":[109,47],"tags":[545],"class_list":["post-62762","post","type-post","status-publish","format-standard","has-post-thumbnail","hentry","category-minuto-a-minuto","category-zona-gris","tag-santa-catarina-juquila"],"jetpack_featured_media_url":"https:\/\/zonaroja.com.mx\/wp-content\/uploads\/2023\/12\/Palacio-tomado-Juquila.webp","jetpack_sharing_enabled":true,"_links":{"self":[{"href":"https:\/\/zonaroja.com.mx\/index.php?rest_route=\/wp\/v2\/posts\/62762","targetHints":{"allow":["GET"]}}],"collection":[{"href":"https:\/\/zonaroja.com.mx\/index.php?rest_route=\/wp\/v2\/posts"}],"about":[{"href":"https:\/\/zonaroja.com.mx\/index.php?rest_route=\/wp\/v2\/types\/post"}],"author":[{"embeddable":true,"href":"https:\/\/zonaroja.com.mx\/index.php?rest_route=\/wp\/v2\/users\/2"}],"replies":[{"embeddable":true,"href":"https:\/\/zonaroja.com.mx\/index.php?rest_route=%2Fwp%2Fv2%2Fcomments&post=62762"}],"version-history":[{"count":1,"href":"https:\/\/zonaroja.com.mx\/index.php?rest_route=\/wp\/v2\/posts\/62762\/revisions"}],"predecessor-version":[{"id":62764,"href":"https:\/\/zonaroja.com.mx\/index.php?rest_route=\/wp\/v2\/posts\/62762\/revisions\/62764"}],"wp:featuredmedia":[{"embeddable":true,"href":"https:\/\/zonaroja.com.mx\/index.php?rest_route=\/wp\/v2\/media\/62763"}],"wp:attachment":[{"href":"https:\/\/zonaroja.com.mx\/index.php?rest_route=%2Fwp%2Fv2%2Fmedia&parent=62762"}],"wp:term":[{"taxonomy":"category","embeddable":true,"href":"https:\/\/zonaroja.com.mx\/index.php?rest_route=%2Fwp%2Fv2%2Fcategories&post=62762"},{"taxonomy":"post_tag","embeddable":true,"href":"https:\/\/zonaroja.com.mx\/index.php?rest_route=%2Fwp%2Fv2%2Ftags&post=62762"}],"curies":[{"name":"wp","href":"https:\/\/api.w.org\/{rel}","templated":true}]}}