{"id":62769,"date":"2023-12-02T11:49:00","date_gmt":"2023-12-02T17:49:00","guid":{"rendered":"http:\/\/www.zonaroja.com.mx\/?p=62769"},"modified":"2023-12-02T07:56:20","modified_gmt":"2023-12-02T13:56:20","slug":"a-casi-tres-anos-de-su-muerte-siguen-homenajes-postumos-a-othon-cuevas","status":"publish","type":"post","link":"https:\/\/zonaroja.com.mx\/?p=62769","title":{"rendered":"A casi tres a\u00f1os de su muerte, siguen homenajes p\u00f3stumos a Oth\u00f3n Cuevas"},"content":{"rendered":"\n<p>Yuridiana Soa\/Zona Roja.<\/p>\n\n\n\n<p>Oaxaca de Ju\u00e1rez, Oax., a 1 de diciembre de 2023.- Por su legado en la lucha social, en el impulso de la agricultura sostenible y en la pol\u00edtica en Oaxaca, familiares y amigos de Oth\u00f3n Cuevas C\u00f3rdova rindieron un homenaje p\u00f3stumo a casi tres a\u00f1os de su fallecimiento.<\/p>\n\n\n\n<p>Desde las instalaciones del Centro Cultural y de Convenciones de Oaxaca, las amistades y tambi\u00e9n integrantes de organizaciones sociales recordaron parte de la trayectoria de Cuevas C\u00f3rdova en los diferentes \u00e1mbitos, misma que definieron como exitosa.<\/p>\n\n\n\n<p>Jos\u00e9 Alfredo Jim\u00e9nez, amigo de Oth\u00f3n Cuevas, resalt\u00f3 que no s\u00f3lo fue un buen ser humano, tambi\u00e9n lo fue como servidor p\u00fablico, \u00e1mbito en el que destac\u00f3 al no encasillarse a esperar s\u00f3lo sus dietas, sino siempre procur\u00f3 el impulso de leyes a favor de los oaxaque\u00f1os.<\/p>\n\n\n\n<p>\u201cNo nos equivocamos al elegirte como diputado (federal) en el 2006, no se perdi\u00f3 en las mieles del poder\u201d, enfatiz\u00f3, en presencia del diputado local Horacio Sosa Villavicencio, entre otros asistentes.&nbsp;<\/p>\n\n\n\n<p>Sostuvo que Cuevas C\u00f3rdova siempre destac\u00f3 por su amistad sincera en donde quiera que se desempe\u00f1ara; desde su vida estudiantil, vida social, en su lucha social y en la pol\u00edtica.<\/p>\n\n\n\n<p>\u201cTodos lo que lo conocimos lo vamos a recordar por una buena pl\u00e1tica, una buena an\u00e9cdota, porque nos hizo re\u00edr, por sus bromas\u201d, \u201cHoy podemos decir, Oth\u00f3n, hiciste las cosas bien\u201d, subray\u00f3 Jos\u00e9 Alfredo Jim\u00e9nez.<\/p>\n\n\n\n<p>Oth\u00f3n Cuevas falleci\u00f3 el 28 de diciembre de 2020 a consecuencia del contagio de Covid-19, a los 55 a\u00f1os de edad.<\/p>\n\n\n\n<p>LARGA TRAYECTORIA<\/p>\n\n\n\n<p>Oth\u00f3n&nbsp;Cuevas, de formaci\u00f3n en Filosof\u00eda y Teolog\u00eda, adem\u00e1s de pol\u00edtico y luchador social, tambi\u00e9n fue escritor de poes\u00eda y se dedic\u00f3 a realizar caricaturas que lograron publicarse en algunos diarios locales de Oaxaca.<\/p>\n\n\n\n<p>El multifac\u00e9tico pol\u00edtico originario de Zimatl\u00e1n de \u00c1lvarez forj\u00f3 una trayectoria de 35 a\u00f1os en el \u00e1mbito p\u00fablico y social desde las comunidades<\/p>\n\n\n\n<p>En 1989 fund\u00f3 la organizaci\u00f3n comunitaria \u201cCent\u00e9otl\u201d, A.C. , la cual presidi\u00f3 por varios a\u00f1os; en el a\u00f1o 2001 cre\u00f3 la Red Mexicana Contra la Pobreza, A.C. y en el 2003 la organizaci\u00f3n Sinergia para el Desarrollo Integral y en 2006 fund\u00f3 el Consejo Mexicano de Empresas de Econom\u00eda Social.<\/p>\n\n\n\n<p>Junto a su esposa impuls\u00f3 proyectos como Bancomunidad, Cooperativas de Mujeres y Amaranto de Mesoam\u00e9rica, mientras que apoy\u00f3 las iniciativas del Foro de Organismos Civiles de Oaxaca (FOCO), el Foro Oaxaque\u00f1o de la Ni\u00f1ez (FONI), el Espacio Civil de Oaxaca.<\/p>\n\n\n\n<p>Del 2006 al 2009 fue diputado federal (2006-2009) por el Partido de la Revoluci\u00f3n Democr\u00e1tica (PRD), mientras que fue parte de la 64 legislatura por el Partido Morena. Tambi\u00e9n fue funcionario en el sexenio de Gabino Cu\u00e9 Monteagudo y posteriormente legislador local por Morena.<\/p>\n","protected":false},"excerpt":{"rendered":"<p>Yuridiana Soa\/Zona Roja. Oaxaca de Ju\u00e1rez, Oax., a 1 de diciembre de 2023.- Por su&hellip;<\/p>\n","protected":false},"author":2,"featured_media":62770,"comment_status":"closed","ping_status":"open","sticky":false,"template":"","format":"standard","meta":{"_lmt_disableupdate":"","_lmt_disable":"","_jetpack_memberships_contains_paid_content":false,"footnotes":""},"categories":[109,46],"tags":[1311],"class_list":["post-62769","post","type-post","status-publish","format-standard","has-post-thumbnail","hentry","category-minuto-a-minuto","category-zona-blanca","tag-othon-cuevas-cordova"],"jetpack_featured_media_url":"https:\/\/zonaroja.com.mx\/wp-content\/uploads\/2023\/12\/Homenaje-Othon-Cuevas.jpg","jetpack_sharing_enabled":true,"_links":{"self":[{"href":"https:\/\/zonaroja.com.mx\/index.php?rest_route=\/wp\/v2\/posts\/62769","targetHints":{"allow":["GET"]}}],"collection":[{"href":"https:\/\/zonaroja.com.mx\/index.php?rest_route=\/wp\/v2\/posts"}],"about":[{"href":"https:\/\/zonaroja.com.mx\/index.php?rest_route=\/wp\/v2\/types\/post"}],"author":[{"embeddable":true,"href":"https:\/\/zonaroja.com.mx\/index.php?rest_route=\/wp\/v2\/users\/2"}],"replies":[{"embeddable":true,"href":"https:\/\/zonaroja.com.mx\/index.php?rest_route=%2Fwp%2Fv2%2Fcomments&post=62769"}],"version-history":[{"count":1,"href":"https:\/\/zonaroja.com.mx\/index.php?rest_route=\/wp\/v2\/posts\/62769\/revisions"}],"predecessor-version":[{"id":62771,"href":"https:\/\/zonaroja.com.mx\/index.php?rest_route=\/wp\/v2\/posts\/62769\/revisions\/62771"}],"wp:featuredmedia":[{"embeddable":true,"href":"https:\/\/zonaroja.com.mx\/index.php?rest_route=\/wp\/v2\/media\/62770"}],"wp:attachment":[{"href":"https:\/\/zonaroja.com.mx\/index.php?rest_route=%2Fwp%2Fv2%2Fmedia&parent=62769"}],"wp:term":[{"taxonomy":"category","embeddable":true,"href":"https:\/\/zonaroja.com.mx\/index.php?rest_route=%2Fwp%2Fv2%2Fcategories&post=62769"},{"taxonomy":"post_tag","embeddable":true,"href":"https:\/\/zonaroja.com.mx\/index.php?rest_route=%2Fwp%2Fv2%2Ftags&post=62769"}],"curies":[{"name":"wp","href":"https:\/\/api.w.org\/{rel}","templated":true}]}}