{"id":62776,"date":"2023-12-02T16:02:00","date_gmt":"2023-12-02T22:02:00","guid":{"rendered":"http:\/\/www.zonaroja.com.mx\/?p=62776"},"modified":"2023-12-02T08:03:30","modified_gmt":"2023-12-02T14:03:30","slug":"concluyen-juzgadores-capacitacion-sobre-nuevo-codigo-civil-y-familiar","status":"publish","type":"post","link":"https:\/\/zonaroja.com.mx\/?p=62776","title":{"rendered":"Concluyen\u00a0juzgadores\u00a0capacitaci\u00f3n\u00a0sobre\u00a0nuevo\u00a0C\u00f3digo\u00a0civil y familiar\u00a0"},"content":{"rendered":"\n<p>Redacci\u00f3n\/Zona Roja.<\/p>\n\n\n\n<p>Oaxaca de Ju\u00e1rez, Oax., a 2 de diciembre de 2023.- El Poder Judicial del Estado concluy\u00f3&nbsp;una jornada de capacitaci\u00f3n&nbsp;sobre el&nbsp;nuevo C\u00f3digo Nacional de Procedimientos Civiles y Familiares, dirigida a jueces y jueces en materia civil, familiar y mixta&nbsp;y entreg\u00f3 reconocimientos a los 23 participantes que asistieron a 15 sesiones, donde se abordaron temas acerca de las disposiciones de esta legislaci\u00f3n para afrontar los retos que implicar\u00e1 su entrada en vigor en el a\u00f1o 2027.&nbsp;<\/p>\n\n\n\n<p>A nombre del magistrado presidente Eduardo Pinacho S\u00e1nchez, el magistrado decano&nbsp;Crescencio Mart\u00ednez Geminiano&nbsp;junto con los directores de la Escuela Judicial, H\u00e9ctor Humberto V\u00e1squez Quevedo y del Centro de Justicia Alternativa,&nbsp;Betzzaida&nbsp;Cruz Mendoza, clausur\u00f3 las actividades que se impartieron&nbsp;los d\u00edas s\u00e1bado en el periodo&nbsp;de mayo a noviembre.<\/p>\n\n\n\n<p>Acompa\u00f1ado por el magistrado&nbsp;Jos\u00e9 Luis Reyes Hern\u00e1ndez, integrante de la Sala Familiar del Tribunal Superior de Justicia del Estado&nbsp;y de&nbsp;la jueza Jessica Maribel Arango Bravo, del Juzgado Especializado en Oralidad Mercantil del Circuito Judicial del Centro y Civil en Materia de Extinci\u00f3n de Dominio para todo el Estado, felicit\u00f3 a las y los juzgadores por concluir esta parte importante de su formaci\u00f3n profesional&nbsp;y laboral.&nbsp;<\/p>\n\n\n\n<p>El&nbsp;tambi\u00e9n presidente de la Primera Sala Civil del Tribunal Superior de Justicia del Estado, se\u00f1al\u00f3 que este nuevo modelo que representa un avance trascendental, impulsa&nbsp;la oralidad y&nbsp;el uso de las tecnolog\u00edas de la informaci\u00f3n en los procesos judiciales, a fin de unificar los criterios y bases normativas a nivel nacional, lo que implica hacer cambios en la infraestructura y el sistema organizacional. &nbsp;<\/p>\n\n\n\n<p>Dicho C\u00f3digo, aprobado por el Poder Legislativo federal en abril pasado, establece cambios importantes como la oralidad procesal, como se ha venido aplicando, desde 2011, en los juicios mercantiles y tiene como objetivo establecer procedimientos homologados en todo el pa\u00eds para dirimir las controversias entre particulares.&nbsp;<\/p>\n\n\n\n<p>Durante la jornada de capacitaci\u00f3n&nbsp;impartida por el Poder Judicial del Estado&nbsp;se abordaron temas como&nbsp;\u00abExcepciones procesales\u00bb,&nbsp;\u00abLa etapa preliminar en el juicio ordinario civil oral\u00bb,&nbsp;\u201cLa Sana Cr\u00edtica\u201d,&nbsp;\u201cT\u00e9cnicas de litigaci\u00f3n\u201d,&nbsp;\u201cT\u00e9cnicas de aprendizaje\u201d, \u201cDesaparici\u00f3n forzada de personas\u201d y \u201c\u00d3rdenes de Protecci\u00f3n\u201d, entre otros.<\/p>\n","protected":false},"excerpt":{"rendered":"<p>Redacci\u00f3n\/Zona Roja. Oaxaca de Ju\u00e1rez, Oax., a 2 de diciembre de 2023.- El Poder Judicial&hellip;<\/p>\n","protected":false},"author":2,"featured_media":62777,"comment_status":"closed","ping_status":"open","sticky":false,"template":"","format":"standard","meta":{"_lmt_disableupdate":"","_lmt_disable":"","_jetpack_memberships_contains_paid_content":false,"footnotes":""},"categories":[109,46],"tags":[223],"class_list":["post-62776","post","type-post","status-publish","format-standard","has-post-thumbnail","hentry","category-minuto-a-minuto","category-zona-blanca","tag-poder-judicial-de-oaxaca"],"jetpack_featured_media_url":"https:\/\/zonaroja.com.mx\/wp-content\/uploads\/2023\/12\/El-magistrado-decano-Crescencio-Martinez-Geminiano-presidio-la-ceremonia-del-clausura-de-la-jornada.jpg","jetpack_sharing_enabled":true,"_links":{"self":[{"href":"https:\/\/zonaroja.com.mx\/index.php?rest_route=\/wp\/v2\/posts\/62776","targetHints":{"allow":["GET"]}}],"collection":[{"href":"https:\/\/zonaroja.com.mx\/index.php?rest_route=\/wp\/v2\/posts"}],"about":[{"href":"https:\/\/zonaroja.com.mx\/index.php?rest_route=\/wp\/v2\/types\/post"}],"author":[{"embeddable":true,"href":"https:\/\/zonaroja.com.mx\/index.php?rest_route=\/wp\/v2\/users\/2"}],"replies":[{"embeddable":true,"href":"https:\/\/zonaroja.com.mx\/index.php?rest_route=%2Fwp%2Fv2%2Fcomments&post=62776"}],"version-history":[{"count":1,"href":"https:\/\/zonaroja.com.mx\/index.php?rest_route=\/wp\/v2\/posts\/62776\/revisions"}],"predecessor-version":[{"id":62778,"href":"https:\/\/zonaroja.com.mx\/index.php?rest_route=\/wp\/v2\/posts\/62776\/revisions\/62778"}],"wp:featuredmedia":[{"embeddable":true,"href":"https:\/\/zonaroja.com.mx\/index.php?rest_route=\/wp\/v2\/media\/62777"}],"wp:attachment":[{"href":"https:\/\/zonaroja.com.mx\/index.php?rest_route=%2Fwp%2Fv2%2Fmedia&parent=62776"}],"wp:term":[{"taxonomy":"category","embeddable":true,"href":"https:\/\/zonaroja.com.mx\/index.php?rest_route=%2Fwp%2Fv2%2Fcategories&post=62776"},{"taxonomy":"post_tag","embeddable":true,"href":"https:\/\/zonaroja.com.mx\/index.php?rest_route=%2Fwp%2Fv2%2Ftags&post=62776"}],"curies":[{"name":"wp","href":"https:\/\/api.w.org\/{rel}","templated":true}]}}