{"id":62783,"date":"2023-12-02T21:19:09","date_gmt":"2023-12-03T03:19:09","guid":{"rendered":"http:\/\/www.zonaroja.com.mx\/?p=62783"},"modified":"2023-12-02T21:19:13","modified_gmt":"2023-12-03T03:19:13","slug":"a-un-ano-de-limpieza-del-zocalo-sin-reubicacion-para-indigenas-triquis","status":"publish","type":"post","link":"https:\/\/zonaroja.com.mx\/?p=62783","title":{"rendered":"A un a\u00f1o de \u201climpieza\u201d del z\u00f3calo, sin reubicaci\u00f3n para ind\u00edgenas triquis"},"content":{"rendered":"\n<p>Yuridiana Sosa\/Zona Roja.<\/p>\n\n\n\n<p>Oaxaca de Ju\u00e1rez, Oax., a 2 de diciembre de 2023.- Las protestas de los ind\u00edgenas triquis desalojados del Palacio de Gobierno no han cesado desde hace un a\u00f1o, al tiempo que los afectados solo migraron a otros espacios p\u00fablicos en el Centro Hist\u00f3rico de la capital.<\/p>\n\n\n\n<p>El gobierno de Salom\u00f3n Jara inici\u00f3 con la recuperaci\u00f3n del corredor exterior del Palacio de Gobierno en medio de un operativo de seguridad durante la madrugada del 2 de diciembre de 2022.<\/p>\n\n\n\n<p>La autoridad no dej\u00f3 de resaltarlo como uno de sus primeros logros debido a que por 12 a\u00f1os ese espacio permaneci\u00f3 invadido por el campamento de ind\u00edgenas triquis desplazados de San Juan y San Miguel Copala, y que no encontraron condiciones para el retorno seguro a sus comunidades.<\/p>\n\n\n\n<p>Mujeres en su mayor\u00eda reclamaron actos violentos durante el operativo, el que adem\u00e1s de agresiones f\u00edsicas en su contra, les decomisaron las artesan\u00edas que vend\u00edan, as\u00ed como pertenencias personales.<\/p>\n\n\n\n<p>Mientras que el Gobierno del Estado justific\u00f3 el desalojo al referir que se trataba de un campamento en el que m\u00e1s que vivienda, era solo una fachada para la venta de diversos productos.<\/p>\n\n\n\n<p>Sin embargo, el retiro para recuperar el Palacio de Gobierno tuvo como consecuencia la invasi\u00f3n de otros espacios en el Centro Hist\u00f3rico.<\/p>\n\n\n\n<p>Sin reubicaci\u00f3n oficial, los grupos de ind\u00edgenas buscaron invadir e instalar sus nuevos campamentos en la Alameda de Le\u00f3n, a pocos metros del Palacio Municipal; otro a un costado de Santo Domingo de Guzm\u00e1n, uno m\u00e1s en calle aleda\u00f1a al jard\u00edn Antonio Labastida.<\/p>\n\n\n\n<p>PROTESTAS Y DETENCIONES<\/p>\n\n\n\n<p>La falta de respuesta a sus exigencias para un retorno seguro a sus comunidades de origen &nbsp;sigue siendo motivo para que mujeres ind\u00edgenas triquis mantengan sus protestas contra el gobierno de Oaxaca.<\/p>\n\n\n\n<p>El grupo encabezado por Sergia Zepeda se manifest\u00f3 el pasado 29 de noviembre frente a palacio de gobierno para recordar que el gobierno de Salom\u00f3n Jara no atiende sus peticiones, mientras que las familias ind\u00edgenas viven en la zozobra.<\/p>\n\n\n\n<p>Otro de los actos en contra de este grupo ocurri\u00f3 el 2 de febrero, cuando el gobierno del estado y el gobierno municipal de Francisco Mart\u00ednez Neri, tambi\u00e9n de Morena, llevaron a cabo otro operativo policial para impedir que la marcha de las mujeres llegara al Palacio de Gobierno y se reinstalaran en plant\u00f3n.<\/p>\n\n\n\n<p>Mientras que en diversas ocasiones el grupo encabezado por Lorena Merino se manifest\u00f3 en Palacio Municipal para exigir la devoluci\u00f3n de sus productos y artesan\u00edas decomisados en el desalojo, as\u00ed como demandar el cumplimiento de dicho gobierno a entregarles locales para continuar sus ventas.<\/p>\n\n\n\n<p>Sin embargo, la protesta que se realiz\u00f3 el 28 de febrero en Palacio de Gobierno deriv\u00f3 en la detenci\u00f3n policial de Lorena Merino y sus compa\u00f1eros.<\/p>\n\n\n\n<p>VIOLENCIA POLICIACA<\/p>\n\n\n\n<p>La Polic\u00eda Estatal, la Polic\u00eda Tur\u00edstica e inspectores del ayuntamiento de Oaxaca de Ju\u00e1rez conformaron el operativo contra la presencia de cuatro ind\u00edgenas que exig\u00edan una mesa de di\u00e1logo con el gobernador Salom\u00f3n Jara y el secretario de Gobierno, Jes\u00fas Romero.<\/p>\n\n\n\n<p>En el operativo se registr\u00f3 el presunto robo de celulares, destrucci\u00f3n de cartulinas con consignas, y retiro de su equipo de sonido y jalones de cabello contra las triquis.<\/p>\n\n\n\n<p>Dicha acci\u00f3n nuevamente fue justificada por el gobierno de Salom\u00f3n Jara al referir que se encontraban vendiendo de manera informal sin contar con los permisos necesarios para su actividad.<\/p>\n\n\n\n<p>D\u00edas antes, el propio mandatario estatal refiri\u00f3 que detr\u00e1s de las protestas de Lorena Merino era asesorada y financiada por el ex gobernador Jos\u00e9 Murat.&nbsp;<\/p>\n","protected":false},"excerpt":{"rendered":"<p>Yuridiana Sosa\/Zona Roja. Oaxaca de Ju\u00e1rez, Oax., a 2 de diciembre de 2023.- Las protestas&hellip;<\/p>\n","protected":false},"author":2,"featured_media":48771,"comment_status":"closed","ping_status":"open","sticky":false,"template":"","format":"standard","meta":{"_lmt_disableupdate":"","_lmt_disable":"","_jetpack_memberships_contains_paid_content":false,"footnotes":""},"categories":[109,47],"tags":[2037],"class_list":["post-62783","post","type-post","status-publish","format-standard","has-post-thumbnail","hentry","category-minuto-a-minuto","category-zona-gris","tag-indigenas-triquis-copala"],"jetpack_featured_media_url":"https:\/\/zonaroja.com.mx\/wp-content\/uploads\/2022\/12\/Desalojo-triquis-Copala.jpg","jetpack_sharing_enabled":true,"_links":{"self":[{"href":"https:\/\/zonaroja.com.mx\/index.php?rest_route=\/wp\/v2\/posts\/62783","targetHints":{"allow":["GET"]}}],"collection":[{"href":"https:\/\/zonaroja.com.mx\/index.php?rest_route=\/wp\/v2\/posts"}],"about":[{"href":"https:\/\/zonaroja.com.mx\/index.php?rest_route=\/wp\/v2\/types\/post"}],"author":[{"embeddable":true,"href":"https:\/\/zonaroja.com.mx\/index.php?rest_route=\/wp\/v2\/users\/2"}],"replies":[{"embeddable":true,"href":"https:\/\/zonaroja.com.mx\/index.php?rest_route=%2Fwp%2Fv2%2Fcomments&post=62783"}],"version-history":[{"count":1,"href":"https:\/\/zonaroja.com.mx\/index.php?rest_route=\/wp\/v2\/posts\/62783\/revisions"}],"predecessor-version":[{"id":62784,"href":"https:\/\/zonaroja.com.mx\/index.php?rest_route=\/wp\/v2\/posts\/62783\/revisions\/62784"}],"wp:featuredmedia":[{"embeddable":true,"href":"https:\/\/zonaroja.com.mx\/index.php?rest_route=\/wp\/v2\/media\/48771"}],"wp:attachment":[{"href":"https:\/\/zonaroja.com.mx\/index.php?rest_route=%2Fwp%2Fv2%2Fmedia&parent=62783"}],"wp:term":[{"taxonomy":"category","embeddable":true,"href":"https:\/\/zonaroja.com.mx\/index.php?rest_route=%2Fwp%2Fv2%2Fcategories&post=62783"},{"taxonomy":"post_tag","embeddable":true,"href":"https:\/\/zonaroja.com.mx\/index.php?rest_route=%2Fwp%2Fv2%2Ftags&post=62783"}],"curies":[{"name":"wp","href":"https:\/\/api.w.org\/{rel}","templated":true}]}}