{"id":62790,"date":"2023-12-02T21:40:02","date_gmt":"2023-12-03T03:40:02","guid":{"rendered":"http:\/\/www.zonaroja.com.mx\/?p=62790"},"modified":"2023-12-02T21:40:05","modified_gmt":"2023-12-03T03:40:05","slug":"identifican-a-reo-que-se-fugo-hoy-de-hospital-el-tehuantepec","status":"publish","type":"post","link":"https:\/\/zonaroja.com.mx\/?p=62790","title":{"rendered":"Identifican a reo que se fug\u00f3 hoy de hospital el Tehuantepec"},"content":{"rendered":"\n<p>Ismael Garc\u00eda M.\/Zona Roja.<\/p>\n\n\n\n<p>Oaxaca de Ju\u00e1rez, Oax., a 2 de diciembre de 2023.- El reo que se fug\u00f3 hoy de un hospital de Santo Domingo Tehuantepec, donde estaba custodiado, fue identificado como Jos\u00e9 Antonio H. G.<\/p>\n\n\n\n<p>Fue la tarde de este s\u00e1bado en que polic\u00edas estatales custodiaron al sujeto y lo trasladaron al nosocomio del ISSSTE para recibir una atenci\u00f3n m\u00e9dica.<\/p>\n\n\n\n<p>Sin embargo, hasta el momento se desconoce la forma en que el reo logr\u00f3 burlar la vigilancia y darse a la fuga.<\/p>\n\n\n\n<p>Tras ello se mont\u00f3 un operativo por parte de corporaciones policiacas de los tres niveles de gobierno tanto en Tehuantepec como en zonas aleda\u00f1as, entre ellas el municipio de Salina Cruz, sin \u00e9xito alguno.<\/p>\n\n\n\n<p>momento que se le practicaba una revisi\u00f3n m\u00e9dica en el hospital general de esta ciudad.<\/p>\n\n\n\n<p>Jos\u00e9 Antonio H. G. Fue aprehendido el pasado 30 de noviembre por parte de elementos de la Agencia Estatal de Investigaciones (AEI), acusado de asesinar a una menor de edad.<\/p>\n\n\n\n<p>Las autoridades estatales no han emitido hasta el momento alg\u00fan comunicado al respecto de la fuga y si habr\u00eda complicidad o responsabilidad de los polic\u00edas en este hecho.<\/p>\n","protected":false},"excerpt":{"rendered":"<p>Ismael Garc\u00eda M.\/Zona Roja. Oaxaca de Ju\u00e1rez, Oax., a 2 de diciembre de 2023.- El&hellip;<\/p>\n","protected":false},"author":2,"featured_media":62786,"comment_status":"closed","ping_status":"open","sticky":false,"template":"","format":"standard","meta":{"_lmt_disableupdate":"","_lmt_disable":"","_jetpack_memberships_contains_paid_content":false,"footnotes":""},"categories":[109,47],"tags":[],"class_list":["post-62790","post","type-post","status-publish","format-standard","has-post-thumbnail","hentry","category-minuto-a-minuto","category-zona-gris"],"jetpack_featured_media_url":"https:\/\/zonaroja.com.mx\/wp-content\/uploads\/2023\/12\/Detenido-y-reo-fuga-Tehuantepec.jpg","jetpack_sharing_enabled":true,"_links":{"self":[{"href":"https:\/\/zonaroja.com.mx\/index.php?rest_route=\/wp\/v2\/posts\/62790","targetHints":{"allow":["GET"]}}],"collection":[{"href":"https:\/\/zonaroja.com.mx\/index.php?rest_route=\/wp\/v2\/posts"}],"about":[{"href":"https:\/\/zonaroja.com.mx\/index.php?rest_route=\/wp\/v2\/types\/post"}],"author":[{"embeddable":true,"href":"https:\/\/zonaroja.com.mx\/index.php?rest_route=\/wp\/v2\/users\/2"}],"replies":[{"embeddable":true,"href":"https:\/\/zonaroja.com.mx\/index.php?rest_route=%2Fwp%2Fv2%2Fcomments&post=62790"}],"version-history":[{"count":1,"href":"https:\/\/zonaroja.com.mx\/index.php?rest_route=\/wp\/v2\/posts\/62790\/revisions"}],"predecessor-version":[{"id":62791,"href":"https:\/\/zonaroja.com.mx\/index.php?rest_route=\/wp\/v2\/posts\/62790\/revisions\/62791"}],"wp:featuredmedia":[{"embeddable":true,"href":"https:\/\/zonaroja.com.mx\/index.php?rest_route=\/wp\/v2\/media\/62786"}],"wp:attachment":[{"href":"https:\/\/zonaroja.com.mx\/index.php?rest_route=%2Fwp%2Fv2%2Fmedia&parent=62790"}],"wp:term":[{"taxonomy":"category","embeddable":true,"href":"https:\/\/zonaroja.com.mx\/index.php?rest_route=%2Fwp%2Fv2%2Fcategories&post=62790"},{"taxonomy":"post_tag","embeddable":true,"href":"https:\/\/zonaroja.com.mx\/index.php?rest_route=%2Fwp%2Fv2%2Ftags&post=62790"}],"curies":[{"name":"wp","href":"https:\/\/api.w.org\/{rel}","templated":true}]}}