{"id":62792,"date":"2023-12-03T08:23:00","date_gmt":"2023-12-03T14:23:00","guid":{"rendered":"http:\/\/www.zonaroja.com.mx\/?p=62792"},"modified":"2023-12-03T08:04:20","modified_gmt":"2023-12-03T14:04:20","slug":"otra-vez-violencia-en-la-zona-triqui-reportan-un-asesinato","status":"publish","type":"post","link":"https:\/\/zonaroja.com.mx\/?p=62792","title":{"rendered":"Otra vez violencia en la zona Triqui: reportan un asesinato"},"content":{"rendered":"\n<p>Ismael Garc\u00eda M.\/Zona Roja. Foto: Archivo<\/p>\n\n\n\n<p>Oaxaca de Ju\u00e1rez, Oax., a 3 de diciembre de 2023.- Las guerra medi\u00e1tica, las acusaciones y la violencia criminal no cesan en la zona Triqui de Oaxaca.<\/p>\n\n\n\n<p>El Movimiento de Unificaci\u00f3n y Lucha Triqui (MULT) denunci\u00f3 un ataque armado registrado ayer por la tarde, que dej\u00f3 como saldo una persona fallecida y otra m\u00e1s lesionada.<\/p>\n\n\n\n<p>De acuerdo con un comunicado, la agresi\u00f3n ocurri\u00f3 aproximadamente a las 16:15 horas en el paraje \u201cEl Hongo\u201d de Yosoyuxi Copala, Santiago Juxtlahuaca,<\/p>\n\n\n\n<p>Donde emboscaron y mataron a balazos a Mario Reyes Ram\u00edrez y lesionaron a Reynaldo Ram\u00edrez Cruz.<\/p>\n\n\n\n<p>En esa misma zona, el 15 de junio pasado se registr\u00f3 otro ataque, donde fueron asesinadas Gertrudis Cruz de Jes\u00fas y Glicerina Cruz Merino, detall\u00f3 en su comunicado.<\/p>\n\n\n\n<p>\u201cAs\u00ed como pas\u00f3 con la firma de pacto de no agresi\u00f3n, mismo que nunca respetaron, ahora con las medidas cautelares del CIDH en su bolsa desde hace un mes, los asesinos (del MULTI) se sienten con fuero e impunidad para asesinar a nuestros compa\u00f1eros, ellos mantienen vigilancia en la carretera con sus halcones para poder cometer sus delitos.&nbsp;<\/p>\n\n\n\n<p>\u201cEste grup\u00fasculo perverso vende una narrativa ante los organismos de derechos humanos nacionales e internacionales y en los hechos act\u00faan disparando a compa\u00f1eros, por eso exigimos todo el peso de la ley contra los asesinos y los autores intelectuales que son Macario Garc\u00eda Merino y Horacio Santiago Garc\u00eda\u201d, acus\u00f3 el MULT.<\/p>\n\n\n\n<p>EN SALINA CRUZ<\/p>\n\n\n\n<p>Por otra parte, en el municipio de Salina Cruz se registr\u00f3 de nuevo un hecho violento, ahora con una persona herida de bala.<\/p>\n\n\n\n<p>Fue la madrugada de este domingo en que atacaron a un individuo en un estacionamiento de un centro nocturno, ubicado en la colonia Loma Galindo.<\/p>\n\n\n\n<p>La v\u00edctima fue identificada de manera preliminar como Antonio \u201cN\u201d, vecino del Barrio Nuevo, confirm\u00f3 el periodista Edwin Meneses; fue trasladada a un hospital debido a la gravedad de las lesiones.<\/p>\n","protected":false},"excerpt":{"rendered":"<p>Ismael Garc\u00eda M.\/Zona Roja. Foto: Archivo Oaxaca de Ju\u00e1rez, Oax., a 3 de diciembre de&hellip;<\/p>\n","protected":false},"author":2,"featured_media":4831,"comment_status":"closed","ping_status":"open","sticky":false,"template":"","format":"standard","meta":{"_lmt_disableupdate":"","_lmt_disable":"","_jetpack_memberships_contains_paid_content":false,"footnotes":""},"categories":[109,47],"tags":[867],"class_list":["post-62792","post","type-post","status-publish","format-standard","has-post-thumbnail","hentry","category-minuto-a-minuto","category-zona-gris","tag-movimiento-unificador-de-lucha-triqui-mult"],"jetpack_featured_media_url":"https:\/\/zonaroja.com.mx\/wp-content\/uploads\/2019\/10\/MULT.png","jetpack_sharing_enabled":true,"_links":{"self":[{"href":"https:\/\/zonaroja.com.mx\/index.php?rest_route=\/wp\/v2\/posts\/62792","targetHints":{"allow":["GET"]}}],"collection":[{"href":"https:\/\/zonaroja.com.mx\/index.php?rest_route=\/wp\/v2\/posts"}],"about":[{"href":"https:\/\/zonaroja.com.mx\/index.php?rest_route=\/wp\/v2\/types\/post"}],"author":[{"embeddable":true,"href":"https:\/\/zonaroja.com.mx\/index.php?rest_route=\/wp\/v2\/users\/2"}],"replies":[{"embeddable":true,"href":"https:\/\/zonaroja.com.mx\/index.php?rest_route=%2Fwp%2Fv2%2Fcomments&post=62792"}],"version-history":[{"count":1,"href":"https:\/\/zonaroja.com.mx\/index.php?rest_route=\/wp\/v2\/posts\/62792\/revisions"}],"predecessor-version":[{"id":62810,"href":"https:\/\/zonaroja.com.mx\/index.php?rest_route=\/wp\/v2\/posts\/62792\/revisions\/62810"}],"wp:featuredmedia":[{"embeddable":true,"href":"https:\/\/zonaroja.com.mx\/index.php?rest_route=\/wp\/v2\/media\/4831"}],"wp:attachment":[{"href":"https:\/\/zonaroja.com.mx\/index.php?rest_route=%2Fwp%2Fv2%2Fmedia&parent=62792"}],"wp:term":[{"taxonomy":"category","embeddable":true,"href":"https:\/\/zonaroja.com.mx\/index.php?rest_route=%2Fwp%2Fv2%2Fcategories&post=62792"},{"taxonomy":"post_tag","embeddable":true,"href":"https:\/\/zonaroja.com.mx\/index.php?rest_route=%2Fwp%2Fv2%2Ftags&post=62792"}],"curies":[{"name":"wp","href":"https:\/\/api.w.org\/{rel}","templated":true}]}}