{"id":62793,"date":"2023-12-03T07:27:00","date_gmt":"2023-12-03T13:27:00","guid":{"rendered":"http:\/\/www.zonaroja.com.mx\/?p=62793"},"modified":"2023-12-03T06:28:53","modified_gmt":"2023-12-03T12:28:53","slug":"movimiento-ciudadano-decidira-manana-sustitucion-de-candidato-presidencial","status":"publish","type":"post","link":"https:\/\/zonaroja.com.mx\/?p=62793","title":{"rendered":"Movimiento Ciudadano decidir\u00e1 ma\u00f1ana sustituci\u00f3n de candidato presidencial"},"content":{"rendered":"\n<p>Redacci\u00f3n\/Zona Roja Cdmx.<\/p>\n\n\n\n<p>Ciudad de M\u00e9xico, a 3 de diciembre de 2023.- El pr\u00f3ximo lunes, Movimiento Ciudadano (MC) podr\u00eda discutir el tema de qui\u00e9n sustituir\u00e1 a Samuel Garc\u00eda Sep\u00falveda como su candidato a las elecciones presidenciales de 2024, luego de que el gobernador constitucional de Nuevo Le\u00f3n declin\u00f3 su participaci\u00f3n para volver a asumir su cargo como mandatario estatal.<\/p>\n\n\n\n<p>De acuerdo con fuentes consultadas por \u201cLa Jornada\u201d, este 4 de diciembre se llevar\u00e1 a cabo la 85 Sesi\u00f3n Ordinaria de la Coordinadora Ciudadana Nacional de MC, as\u00ed como la 26 sesi\u00f3n del Consejo Nacional, las cual ya estaban programadas, y en las que es muy probable que dentro del orden del d\u00eda se incluya el punto de qui\u00e9n ser\u00e1 el sustituto de Garc\u00eda.<\/p>\n\n\n\n<p>Seg\u00fan la convocatoria que ya emiti\u00f3 MC, los encuentros se realizar\u00e1n el lunes a partir de las 11:00 horas en los salones \u201cOlmeca\u201d del World Trade Center, en la Ciudad de M\u00e9xico.<\/p>\n\n\n\n<p>\u201cREVENTARON ACUERDOS\u201d<\/p>\n\n\n\n<p>Por otra parte, Samuel Garc\u00eda Sep\u00falveda advirti\u00f3 a sus adversarios del PRI y el PAN que \u201cesto apenas comienza\u201d porque volver\u00e1 a contender por la presidencia de la Rep\u00fablica en 2030 y va a ganar.<\/p>\n\n\n\n<p>En un video publicado en sus redes sociales noche, explic\u00f3 a la ciudadan\u00eda que cuando se registr\u00f3 como precandidato de Movimiento Ciudadano lo hizo pensando en que si ganaba al estado le iba a ir mejor; \u201cpero tambi\u00e9n por ello ante el primer y m\u00ednimo riesgo reasum\u00ed funciones\u201d, dijo.<\/p>\n\n\n\n<p>El emecista asegur\u00f3 que pudo haber dejado a Javier Navarro como encargado de gobierno, pero para lograrlo deb\u00eda ceder sus principios \u201cporque el PRIAN reiteradamente me ped\u00eda la fiscal\u00eda, la Auditor\u00eda Superior del Estado, mucho dinero en el siguiente presupuesto y sobre todo impunidad\u201d.<\/p>\n\n\n\n<p>(Informaci\u00f3n de \u201cLa Jornada\u201d)<\/p>\n","protected":false},"excerpt":{"rendered":"<p>Redacci\u00f3n\/Zona Roja Cdmx. Ciudad de M\u00e9xico, a 3 de diciembre de 2023.- El pr\u00f3ximo lunes,&hellip;<\/p>\n","protected":false},"author":2,"featured_media":61431,"comment_status":"closed","ping_status":"open","sticky":false,"template":"","format":"standard","meta":{"_lmt_disableupdate":"","_lmt_disable":"","_jetpack_memberships_contains_paid_content":false,"footnotes":""},"categories":[109,47],"tags":[3716],"class_list":["post-62793","post","type-post","status-publish","format-standard","has-post-thumbnail","hentry","category-minuto-a-minuto","category-zona-gris","tag-samuel-garcia-nuevo-leon"],"jetpack_featured_media_url":"https:\/\/zonaroja.com.mx\/wp-content\/uploads\/2023\/10\/Samuel-Garcia-Nuevo-Leon.jpeg","jetpack_sharing_enabled":true,"_links":{"self":[{"href":"https:\/\/zonaroja.com.mx\/index.php?rest_route=\/wp\/v2\/posts\/62793","targetHints":{"allow":["GET"]}}],"collection":[{"href":"https:\/\/zonaroja.com.mx\/index.php?rest_route=\/wp\/v2\/posts"}],"about":[{"href":"https:\/\/zonaroja.com.mx\/index.php?rest_route=\/wp\/v2\/types\/post"}],"author":[{"embeddable":true,"href":"https:\/\/zonaroja.com.mx\/index.php?rest_route=\/wp\/v2\/users\/2"}],"replies":[{"embeddable":true,"href":"https:\/\/zonaroja.com.mx\/index.php?rest_route=%2Fwp%2Fv2%2Fcomments&post=62793"}],"version-history":[{"count":1,"href":"https:\/\/zonaroja.com.mx\/index.php?rest_route=\/wp\/v2\/posts\/62793\/revisions"}],"predecessor-version":[{"id":62794,"href":"https:\/\/zonaroja.com.mx\/index.php?rest_route=\/wp\/v2\/posts\/62793\/revisions\/62794"}],"wp:featuredmedia":[{"embeddable":true,"href":"https:\/\/zonaroja.com.mx\/index.php?rest_route=\/wp\/v2\/media\/61431"}],"wp:attachment":[{"href":"https:\/\/zonaroja.com.mx\/index.php?rest_route=%2Fwp%2Fv2%2Fmedia&parent=62793"}],"wp:term":[{"taxonomy":"category","embeddable":true,"href":"https:\/\/zonaroja.com.mx\/index.php?rest_route=%2Fwp%2Fv2%2Fcategories&post=62793"},{"taxonomy":"post_tag","embeddable":true,"href":"https:\/\/zonaroja.com.mx\/index.php?rest_route=%2Fwp%2Fv2%2Ftags&post=62793"}],"curies":[{"name":"wp","href":"https:\/\/api.w.org\/{rel}","templated":true}]}}