{"id":62795,"date":"2023-12-03T10:00:00","date_gmt":"2023-12-03T16:00:00","guid":{"rendered":"http:\/\/www.zonaroja.com.mx\/?p=62795"},"modified":"2023-12-03T06:41:20","modified_gmt":"2023-12-03T12:41:20","slug":"aplaza-el-congreso-por-segunda-ocasion-las-comparecencias-por-primer-informe","status":"publish","type":"post","link":"https:\/\/zonaroja.com.mx\/?p=62795","title":{"rendered":"Aplaza el Congreso por segunda ocasi\u00f3n las comparecencias por primer informe"},"content":{"rendered":"\n<p>Ismael Garc\u00eda M.\/Zona Roja.<\/p>\n\n\n\n<p>Oaxaca de Ju\u00e1rez, Oax., a 3 de diciembre de 2023.- Bajo el pretexto de dar prioridad a la discusi\u00f3n del paquete econ\u00f3mico 2024, el Congreso del Estado de Oaxaca aplaz\u00f3 por segunda ocasi\u00f3n las comparecencias con motivo de la glosa del primer informe del gobernador Salom\u00f3n Jara Cruz.<\/p>\n\n\n\n<p>Apenas el pasado mi\u00e9rcoles, durante la sesi\u00f3n ordinaria, el pleno aprob\u00f3 una modificaci\u00f3n avalado ocho d\u00edas antes y ayer, en asamblea v\u00eda remota, acord\u00f3 que las presentaciones de funcionarios del gabinete se hasta enero pr\u00f3ximo.<\/p>\n\n\n\n<p>En s\u00f3lo un mes, tanto la presidencia de la Mesa Directiva, que preside el priista Samuel Gurri\u00f3n Mat\u00edas, como la Junta de Coordinaci\u00f3n Pol\u00edtica que encabeza el morenista Sergio L\u00f3pez S\u00e1nchez, se han distinguido por plegarse a las instrucciones del Poder Ejecutivo, como ocurri\u00f3 el pasado 15 de noviembre, en que no se permiti\u00f3 ning\u00fan posisionamiento de los partidos pol\u00edticos tras la recepci\u00f3n del primer informe de gobierno.<\/p>\n\n\n\n<p>De acuerdo con un comunicado del Congreso, \u201cdebido a que el plazo establecido por el art\u00edculo 53 de la Constituci\u00f3n de Oaxaca para aprobar el Presupuesto de Egresos del Estado para el Ejercicio Fiscal 2024 vence el 10 de diciembre de 2023\u201d, el pleno aprob\u00f3 la reprogramaci\u00f3n de las comparecencias de las personas titulares de las secretar\u00edas del Gobierno del Estado, que estaban contempladas iniciar el 4 de diciembre.&nbsp;<\/p>\n\n\n\n<p>En sesi\u00f3n extraordinaria de este s\u00e1bado, el Pleno aval\u00f3 el acuerdo parlamentario emitido por la Junta de Coordinaci\u00f3n Pol\u00edtica (Jucopo), mediante el cual se determina que las comparecencias se desarrollar\u00e1n del 8 al 22 de enero de 2024.&nbsp;<\/p>\n\n\n\n<p>\u201cEl presidente de la Jucopo, Sergio L\u00f3pez S\u00e1nchez, detall\u00f3 que adem\u00e1s de la revisi\u00f3n y an\u00e1lisis del paquete econ\u00f3mico, se est\u00e1n analizando los proyectos de las leyes de ingresos municipales en comisiones, por lo cual las y los diputados est\u00e1n anticipando estos asuntos legislativos\u201d.&nbsp;<\/p>\n\n\n\n<p>No obstante, hasta el momento no se han dado a conocer las nuevas fechas en que deber\u00e1n comparecer los integrantes del gabinete del mandatario estatal Jara Cruz.<\/p>\n","protected":false},"excerpt":{"rendered":"<p>Ismael Garc\u00eda M.\/Zona Roja. Oaxaca de Ju\u00e1rez, Oax., a 3 de diciembre de 2023.- Bajo&hellip;<\/p>\n","protected":false},"author":2,"featured_media":62788,"comment_status":"closed","ping_status":"open","sticky":false,"template":"","format":"standard","meta":{"_lmt_disableupdate":"","_lmt_disable":"","_jetpack_memberships_contains_paid_content":false,"footnotes":""},"categories":[109,47],"tags":[2743],"class_list":["post-62795","post","type-post","status-publish","format-standard","has-post-thumbnail","hentry","category-minuto-a-minuto","category-zona-gris","tag-65-legislatura-del-estado-de-oaxaca"],"jetpack_featured_media_url":"https:\/\/zonaroja.com.mx\/wp-content\/uploads\/2023\/12\/Sede-del-Congreso-del-Estado-.jpg","jetpack_sharing_enabled":true,"_links":{"self":[{"href":"https:\/\/zonaroja.com.mx\/index.php?rest_route=\/wp\/v2\/posts\/62795","targetHints":{"allow":["GET"]}}],"collection":[{"href":"https:\/\/zonaroja.com.mx\/index.php?rest_route=\/wp\/v2\/posts"}],"about":[{"href":"https:\/\/zonaroja.com.mx\/index.php?rest_route=\/wp\/v2\/types\/post"}],"author":[{"embeddable":true,"href":"https:\/\/zonaroja.com.mx\/index.php?rest_route=\/wp\/v2\/users\/2"}],"replies":[{"embeddable":true,"href":"https:\/\/zonaroja.com.mx\/index.php?rest_route=%2Fwp%2Fv2%2Fcomments&post=62795"}],"version-history":[{"count":1,"href":"https:\/\/zonaroja.com.mx\/index.php?rest_route=\/wp\/v2\/posts\/62795\/revisions"}],"predecessor-version":[{"id":62796,"href":"https:\/\/zonaroja.com.mx\/index.php?rest_route=\/wp\/v2\/posts\/62795\/revisions\/62796"}],"wp:featuredmedia":[{"embeddable":true,"href":"https:\/\/zonaroja.com.mx\/index.php?rest_route=\/wp\/v2\/media\/62788"}],"wp:attachment":[{"href":"https:\/\/zonaroja.com.mx\/index.php?rest_route=%2Fwp%2Fv2%2Fmedia&parent=62795"}],"wp:term":[{"taxonomy":"category","embeddable":true,"href":"https:\/\/zonaroja.com.mx\/index.php?rest_route=%2Fwp%2Fv2%2Fcategories&post=62795"},{"taxonomy":"post_tag","embeddable":true,"href":"https:\/\/zonaroja.com.mx\/index.php?rest_route=%2Fwp%2Fv2%2Ftags&post=62795"}],"curies":[{"name":"wp","href":"https:\/\/api.w.org\/{rel}","templated":true}]}}