{"id":62803,"date":"2023-12-03T11:00:00","date_gmt":"2023-12-03T17:00:00","guid":{"rendered":"http:\/\/www.zonaroja.com.mx\/?p=62803"},"modified":"2023-12-03T07:53:29","modified_gmt":"2023-12-03T13:53:29","slug":"solo-en-oaxaca-normalistas-exigen-plazas-de-maestros-y-un-ano-de-descanso","status":"publish","type":"post","link":"https:\/\/zonaroja.com.mx\/?p=62803","title":{"rendered":"S\u00f3lo en Oaxaca: normalistas exigen plazas de maestros\u2026 y un a\u00f1o de descanso"},"content":{"rendered":"\n<p>Ismael Garc\u00eda M.\/Zona Roja.<\/p>\n\n\n\n<p>Oaxaca de Ju\u00e1rez, Oax., a 3 de diciembre de 2023.- Luego de casi un mes de protestas y bloqueos viales en la regi\u00f3n del Istmo, estudiantes de la Escuela Normal Urbana Federal del Istmo (ENUFI) exigieron plazas de docentes, pero tambi\u00e9n un a\u00f1o sab\u00e1tico de vacaciones.<\/p>\n\n\n\n<p>\u201cComo estudiantes normalistas de primeros a cuartos a\u00f1os de ambas licenciaturas nos posicionamos ante los acuerdos emanados de la reuni\u00f3n realizada el 24 de noviembre de 2023 (entre gobierno federal y estatal con la Secci\u00f3n 22 del SNTE\u2026 les decimos que no estamos de acuerdo con la contrataci\u00f3n de los normalistas de la generaci\u00f3n 2022-2023 a partir del mes de diciembre de este a\u00f1o y que rechazamos la contrataci\u00f3n en agosto de 2024 de nuestros compa\u00f1eros de la generaci\u00f3n 2023-2024 que hoy est\u00e1n en s\u00e9ptimo semestre.<\/p>\n\n\n\n<p>\u00abPorque consideramos que tenemos todo el derecho de disfrutar de al menos un a\u00f1o de descanso despu\u00e9s de terminar la licenciatura. Por lo que exigimos que las contrataciones se realicen en los tiempos anteriores y conforme a la participaci\u00f3n en las movilizaciones estudiantiles y no por promedio como hoy se realiza y donde se contrata a todos participen o no en la lucha estudiantil\u201d, difundieron en un comunicado.<\/p>\n\n\n\n<p>Recriminaron al \u201cespurio\u201d Gaspar Villalobos L\u00f3pez, integrante de la Comisi\u00f3n Pol\u00edtica de la dirigencia magisterial, y exigi\u00f3 que el comit\u00e9 ejecutivo y el gobierno den la cara para realizar una mesa de di\u00e1logo.<\/p>\n\n\n\n<p>Y que en ella se permita la entrada de los maestros de UPN (Universidad Pedag\u00f3gica Nacional) \u201cque comparten nuestro sentir, ya que no estaremos aceptando que la Comisi\u00f3n Pol\u00edtica siga tomando acuerdos mientras Gaspar (Villalobo) no se vaya de la ENUFI.&nbsp;<\/p>\n\n\n\n<p>En su comunicado, indicaron que seguir con la negativa de la reuni\u00f3n y no aceptar su posicionamiento, \u201caccionaremos de manera m\u00e1s contundente en alianza con las instituciones que reconocen como v\u00e1lidos<\/p>\n\n\n\n<p>nuestros procedimientos.<\/p>\n\n\n\n<p>Desde hace casi un mes, los normalistas de ese plantel han efectuado m\u00faltiples bloqueos a la carretera que comunica de Juchit\u00e1n de Zaragoza con Ciudad Ixtepec, a la altura del acceso a este \u00faltimo municipio.<\/p>\n","protected":false},"excerpt":{"rendered":"<p>Ismael Garc\u00eda M.\/Zona Roja. Oaxaca de Ju\u00e1rez, Oax., a 3 de diciembre de 2023.- Luego&hellip;<\/p>\n","protected":false},"author":2,"featured_media":62805,"comment_status":"closed","ping_status":"open","sticky":false,"template":"","format":"standard","meta":{"_lmt_disableupdate":"","_lmt_disable":"","_jetpack_memberships_contains_paid_content":false,"footnotes":""},"categories":[109,47],"tags":[3742],"class_list":["post-62803","post","type-post","status-publish","format-standard","has-post-thumbnail","hentry","category-minuto-a-minuto","category-zona-gris","tag-escuela-normal-urbana-federal-del-istmo-enufi"],"jetpack_featured_media_url":"https:\/\/zonaroja.com.mx\/wp-content\/uploads\/2023\/12\/Descanso-vacaciones-ENUFi.jpg","jetpack_sharing_enabled":true,"_links":{"self":[{"href":"https:\/\/zonaroja.com.mx\/index.php?rest_route=\/wp\/v2\/posts\/62803","targetHints":{"allow":["GET"]}}],"collection":[{"href":"https:\/\/zonaroja.com.mx\/index.php?rest_route=\/wp\/v2\/posts"}],"about":[{"href":"https:\/\/zonaroja.com.mx\/index.php?rest_route=\/wp\/v2\/types\/post"}],"author":[{"embeddable":true,"href":"https:\/\/zonaroja.com.mx\/index.php?rest_route=\/wp\/v2\/users\/2"}],"replies":[{"embeddable":true,"href":"https:\/\/zonaroja.com.mx\/index.php?rest_route=%2Fwp%2Fv2%2Fcomments&post=62803"}],"version-history":[{"count":1,"href":"https:\/\/zonaroja.com.mx\/index.php?rest_route=\/wp\/v2\/posts\/62803\/revisions"}],"predecessor-version":[{"id":62806,"href":"https:\/\/zonaroja.com.mx\/index.php?rest_route=\/wp\/v2\/posts\/62803\/revisions\/62806"}],"wp:featuredmedia":[{"embeddable":true,"href":"https:\/\/zonaroja.com.mx\/index.php?rest_route=\/wp\/v2\/media\/62805"}],"wp:attachment":[{"href":"https:\/\/zonaroja.com.mx\/index.php?rest_route=%2Fwp%2Fv2%2Fmedia&parent=62803"}],"wp:term":[{"taxonomy":"category","embeddable":true,"href":"https:\/\/zonaroja.com.mx\/index.php?rest_route=%2Fwp%2Fv2%2Fcategories&post=62803"},{"taxonomy":"post_tag","embeddable":true,"href":"https:\/\/zonaroja.com.mx\/index.php?rest_route=%2Fwp%2Fv2%2Ftags&post=62803"}],"curies":[{"name":"wp","href":"https:\/\/api.w.org\/{rel}","templated":true}]}}