{"id":6281,"date":"2019-12-02T17:30:00","date_gmt":"2019-12-02T23:30:00","guid":{"rendered":"http:\/\/www.zonaroja.com.mx\/?p=6281"},"modified":"2019-12-02T17:30:03","modified_gmt":"2019-12-02T23:30:03","slug":"lunes-rojo-en-el-istmo-cuatro-homicidios-tres-de-ellos-con-signos-de-ejecucion","status":"publish","type":"post","link":"https:\/\/zonaroja.com.mx\/?p=6281","title":{"rendered":"Lunes rojo en el Istmo: cuatro homicidios, tres de ellos con signos de ejecuci\u00f3n"},"content":{"rendered":"\n<p>Redacci\u00f3n\/Zona Roja. <\/p>\n\n\n\n<p>Oaxaca de Ju\u00e1rez, Oax., 2 de diciembre\nde 2019.- Cuatro homicidios se han registrado en las primeras horas del lunes en\nla regi\u00f3n del Istmo de Oaxaca; en tres casos se utilizaron armas de fuego y\ntienen signos de ejecuci\u00f3n.<\/p>\n\n\n\n<p>Esta tarde, en el municipio de El\nEspinal, colindante con Juchit\u00e1n, fue ultimado un individuo, sobre la calle Matamoros\nesquina con Miguel Hidalgo; de manera preliminar fue identificado como Elvis\nMatus, alias \u201cMello\u201d; su cuerpo y rostro presentan varios impactos de bala.<\/p>\n\n\n\n<p>Horas antes, en la supercarretera 185D Salina Cruz-La Ventosa, a la altura del kil\u00f3metro 19+500, en jurisdicci\u00f3n de Santo Domingo Tehuantepec, fueron hallados dos cuerpos de personas del sexo masculino, uno de los cuales vest\u00eda ropa femenina.<\/p>\n\n\n\n<figure class=\"wp-block-image\"><img decoding=\"async\" width=\"1024\" height=\"576\" src=\"http:\/\/www.zonaroja.com.mx\/wp-content\/uploads\/2019\/12\/Ejecutados-Istmo-2-1024x576.jpg\" alt=\"\" class=\"wp-image-6282\" srcset=\"https:\/\/zonaroja.com.mx\/wp-content\/uploads\/2019\/12\/Ejecutados-Istmo-2-1024x576.jpg 1024w, https:\/\/zonaroja.com.mx\/wp-content\/uploads\/2019\/12\/Ejecutados-Istmo-2-300x169.jpg 300w, https:\/\/zonaroja.com.mx\/wp-content\/uploads\/2019\/12\/Ejecutados-Istmo-2-768x432.jpg 768w, https:\/\/zonaroja.com.mx\/wp-content\/uploads\/2019\/12\/Ejecutados-Istmo-2-1170x658.jpg 1170w, https:\/\/zonaroja.com.mx\/wp-content\/uploads\/2019\/12\/Ejecutados-Istmo-2-585x329.jpg 585w, https:\/\/zonaroja.com.mx\/wp-content\/uploads\/2019\/12\/Ejecutados-Istmo-2.jpg 1280w\" sizes=\"(max-width: 1024px) 100vw, 1024px\" \/><\/figure>\n\n\n\n<p>Ambos estaban maniatados, presentan\ndisparos en el cuerpo y no ten\u00edan documentos de identificaci\u00f3n; hasta el\nmomento la Vicefiscal\u00eda Regional del Istmo no tiene pistas del o los probables\nautores del doble homicidio.<\/p>\n\n\n\n<p>Mientras tanto, en la calle Libertad\nesquina con callej\u00f3n de El Encanto de la S\u00e9ptima Secci\u00f3n, fue hallado el cad\u00e1ver\nde una persona del sexo masculino, identificada de manera preliminar como Edwin\nde la Cruz J. R., de 21 a\u00f1os de edad, quien presenta diversos golpes en la\ncabeza.<\/p>\n\n\n\n<p>No obstante, antes de la llegada del\nMinisterio P\u00fablico, familiares levantaron el cuerpo y se lo llevaron a su\ndomicilio, a bordo de un mototaxi.<\/p>\n","protected":false},"excerpt":{"rendered":"<p>Redacci\u00f3n\/Zona Roja. Oaxaca de Ju\u00e1rez, Oax., 2 de diciembre de 2019.- Cuatro homicidios se han&hellip;<\/p>\n","protected":false},"author":2,"featured_media":6283,"comment_status":"closed","ping_status":"open","sticky":false,"template":"","format":"standard","meta":{"_lmt_disableupdate":"","_lmt_disable":"","_jetpack_memberships_contains_paid_content":false,"footnotes":""},"categories":[109,51],"tags":[1088,123,125],"class_list":["post-6281","post","type-post","status-publish","format-standard","has-post-thumbnail","hentry","category-minuto-a-minuto","category-zona-roja","tag-el-espinal","tag-juchitan-de-zaragoza","tag-santo-domingo-tehuantepec"],"jetpack_featured_media_url":"https:\/\/zonaroja.com.mx\/wp-content\/uploads\/2019\/12\/Ejecutados-Istmo-1.jpg","jetpack_sharing_enabled":true,"_links":{"self":[{"href":"https:\/\/zonaroja.com.mx\/index.php?rest_route=\/wp\/v2\/posts\/6281","targetHints":{"allow":["GET"]}}],"collection":[{"href":"https:\/\/zonaroja.com.mx\/index.php?rest_route=\/wp\/v2\/posts"}],"about":[{"href":"https:\/\/zonaroja.com.mx\/index.php?rest_route=\/wp\/v2\/types\/post"}],"author":[{"embeddable":true,"href":"https:\/\/zonaroja.com.mx\/index.php?rest_route=\/wp\/v2\/users\/2"}],"replies":[{"embeddable":true,"href":"https:\/\/zonaroja.com.mx\/index.php?rest_route=%2Fwp%2Fv2%2Fcomments&post=6281"}],"version-history":[{"count":1,"href":"https:\/\/zonaroja.com.mx\/index.php?rest_route=\/wp\/v2\/posts\/6281\/revisions"}],"predecessor-version":[{"id":6284,"href":"https:\/\/zonaroja.com.mx\/index.php?rest_route=\/wp\/v2\/posts\/6281\/revisions\/6284"}],"wp:featuredmedia":[{"embeddable":true,"href":"https:\/\/zonaroja.com.mx\/index.php?rest_route=\/wp\/v2\/media\/6283"}],"wp:attachment":[{"href":"https:\/\/zonaroja.com.mx\/index.php?rest_route=%2Fwp%2Fv2%2Fmedia&parent=6281"}],"wp:term":[{"taxonomy":"category","embeddable":true,"href":"https:\/\/zonaroja.com.mx\/index.php?rest_route=%2Fwp%2Fv2%2Fcategories&post=6281"},{"taxonomy":"post_tag","embeddable":true,"href":"https:\/\/zonaroja.com.mx\/index.php?rest_route=%2Fwp%2Fv2%2Ftags&post=6281"}],"curies":[{"name":"wp","href":"https:\/\/api.w.org\/{rel}","templated":true}]}}