{"id":62816,"date":"2023-12-03T08:14:39","date_gmt":"2023-12-03T14:14:39","guid":{"rendered":"http:\/\/www.zonaroja.com.mx\/?p=62816"},"modified":"2023-12-03T08:14:40","modified_gmt":"2023-12-03T14:14:40","slug":"dos-accidentes-dejan-ocho-muertos-en-veracruz-y-cdmx","status":"publish","type":"post","link":"https:\/\/zonaroja.com.mx\/?p=62816","title":{"rendered":"Dos accidentes dejan ocho muertos, en Veracruz y Cdmx"},"content":{"rendered":"\n<p>Redacci\u00f3n\/Zona Roja Cdmx.<\/p>\n\n\n\n<p>Ciudad de M\u00e9xico, a 3 de diciembre de 2023.- Un accidente carretero ayer en el municipio de Altotonga, en Veracruz, dej\u00f3 como saldo seis muertos, entre ellos tres ni\u00f1os.<\/p>\n\n\n\n<p>La Direcci\u00f3n General de Tr\u00e1nsito y Seguridad Vial del Estado de Veracruz indic\u00f3 por medio de redes sociales que dicho accidente ocurri\u00f3 sobre la carretera federal Perote-Altotonga, justo a la altura de la localidad Zoatzingo, en el lugar conocido como La Ermita.<\/p>\n\n\n\n<p>\u201cCuerpos de emergencia y la @SP_Veracruz a trav\u00e9s de elementos de @ssptransitover permanecen en la zona brindando apoyo y seguridad vial\u201d, expuso en redes sociales.<\/p>\n\n\n\n<p>Medios locales detallaron que dos veh\u00edculos particulares se impactaron de frente. una camioneta Jeep color negro y una Golf Volkswagen color gris, donde viajaba una familia.<\/p>\n\n\n\n<p>Al lugar del accidente carretero se trasladaron agentes policiacos y servicios de emergencia.<\/p>\n\n\n\n<p>En el sitio de los hechos murieron cinco personas, mientras que una persona m\u00e1s muri\u00f3 luego de ser trasladada a un hospital del municipio de Altotonga.<\/p>\n\n\n\n<p>EN LA CDMX<\/p>\n\n\n\n<p>Dos personas muertas y cuatro lesionadas fue el saldo de una explosi\u00f3n por acumulaci\u00f3n de gas en una bodega que albergaba dos cocinas econ\u00f3micas en la colonia Industrial Vallejo de la alcald\u00eda Azcapotzalco.<\/p>\n\n\n\n<p>De acuerdo con la Secretar\u00eda de Gesti\u00f3n Integral de Riesgos y Protecci\u00f3n Civil de la Ciudad de M\u00e9xico, fue alrededor de las seis de la ma\u00f1ana de este s\u00e1bado 2 de diciembre cuando personal de bomberos y cuerpos de emergencia recibieron una alerta sobre una explosi\u00f3n en el Eje 4 Norte y Norte 45 de la alcald\u00eda Azcapotzalco.<\/p>\n\n\n\n<p>(Informaci\u00f3n de L\u00f3pez-D\u00f3riga Digital y \u201cExpansi\u00f3n Pol\u00edtica\u201d)<\/p>\n","protected":false},"excerpt":{"rendered":"<p>Redacci\u00f3n\/Zona Roja Cdmx. Ciudad de M\u00e9xico, a 3 de diciembre de 2023.- Un accidente carretero&hellip;<\/p>\n","protected":false},"author":2,"featured_media":62817,"comment_status":"closed","ping_status":"open","sticky":false,"template":"","format":"standard","meta":{"_lmt_disableupdate":"","_lmt_disable":"","_jetpack_memberships_contains_paid_content":false,"footnotes":""},"categories":[109,47],"tags":[],"class_list":["post-62816","post","type-post","status-publish","format-standard","has-post-thumbnail","hentry","category-minuto-a-minuto","category-zona-gris"],"jetpack_featured_media_url":"https:\/\/zonaroja.com.mx\/wp-content\/uploads\/2023\/12\/Degradacion-ambiental-contaminacion-basura.jpeg","jetpack_sharing_enabled":true,"_links":{"self":[{"href":"https:\/\/zonaroja.com.mx\/index.php?rest_route=\/wp\/v2\/posts\/62816","targetHints":{"allow":["GET"]}}],"collection":[{"href":"https:\/\/zonaroja.com.mx\/index.php?rest_route=\/wp\/v2\/posts"}],"about":[{"href":"https:\/\/zonaroja.com.mx\/index.php?rest_route=\/wp\/v2\/types\/post"}],"author":[{"embeddable":true,"href":"https:\/\/zonaroja.com.mx\/index.php?rest_route=\/wp\/v2\/users\/2"}],"replies":[{"embeddable":true,"href":"https:\/\/zonaroja.com.mx\/index.php?rest_route=%2Fwp%2Fv2%2Fcomments&post=62816"}],"version-history":[{"count":1,"href":"https:\/\/zonaroja.com.mx\/index.php?rest_route=\/wp\/v2\/posts\/62816\/revisions"}],"predecessor-version":[{"id":62818,"href":"https:\/\/zonaroja.com.mx\/index.php?rest_route=\/wp\/v2\/posts\/62816\/revisions\/62818"}],"wp:featuredmedia":[{"embeddable":true,"href":"https:\/\/zonaroja.com.mx\/index.php?rest_route=\/wp\/v2\/media\/62817"}],"wp:attachment":[{"href":"https:\/\/zonaroja.com.mx\/index.php?rest_route=%2Fwp%2Fv2%2Fmedia&parent=62816"}],"wp:term":[{"taxonomy":"category","embeddable":true,"href":"https:\/\/zonaroja.com.mx\/index.php?rest_route=%2Fwp%2Fv2%2Fcategories&post=62816"},{"taxonomy":"post_tag","embeddable":true,"href":"https:\/\/zonaroja.com.mx\/index.php?rest_route=%2Fwp%2Fv2%2Ftags&post=62816"}],"curies":[{"name":"wp","href":"https:\/\/api.w.org\/{rel}","templated":true}]}}