{"id":62821,"date":"2023-12-03T20:58:40","date_gmt":"2023-12-04T02:58:40","guid":{"rendered":"http:\/\/www.zonaroja.com.mx\/?p=62821"},"modified":"2023-12-03T20:58:41","modified_gmt":"2023-12-04T02:58:41","slug":"en-santa-lucia-del-camino-un-gobierno-de-hechos-y-no-de-palabras-edil","status":"publish","type":"post","link":"https:\/\/zonaroja.com.mx\/?p=62821","title":{"rendered":"En Santa Luc\u00eda del Camino, un gobierno de hechos y no de palabras: edil"},"content":{"rendered":"\n<p>Raymundo Morales\/Zona Roja.<\/p>\n\n\n\n<p>Oaxaca de Ju\u00e1rez, Oax., a 3 de diciembre de 2023.- Al rendir su segundo informe de gobierno, el presidente municipal de Santa Luc\u00eda del Camino, Juan Carlos Garc\u00eda M\u00e1rquez, sostuvo que encabeza un gobierno de hechos y no de palabras.<\/p>\n\n\n\n<p>Ante el gobernador Salom\u00f3n Jara Cruz, quien reconoci\u00f3 su desempe\u00f1o, el edil surgido del Partido Morena, indic\u00f3 que tan s\u00f3lo este a\u00f1o se han ejecutado 30 obras con recursos del Ramo 33, con total transparencia y en beneficio directo de la poblaci\u00f3n.<\/p>\n\n\n\n<p>En ese contexto, convoc\u00f3 a los ciudadanos que deseen unirse a la transformaci\u00f3n de Santa Luc\u00eda, que lo hagan pensando en el bienestar de su familia, de su comunidad y del estado.<\/p>\n\n\n\n<p>\u201cNo necesitamos m\u00e1s personas o servidores p\u00fablicos que vengan a decirnos palabras y promesas est\u00e9riles; buscamos personas que verdaderamente est\u00e9n comprometidas con la transformaci\u00f3n social que vive M\u00e9xico, Oaxaca y Santa Luc\u00eda del Camino\u201d, sostuvo, ante cientos de colonos que se congregaron la tarde del s\u00e1bado en la explanada municipal.<\/p>\n\n\n\n<p>\u201cAqu\u00ed ya no hay oportunidad para robar, para mentir o para traicionar la confianza que el pueblo deposita en un gobernante; para que un verdadero cambio sea posible en una comunidad, tiene que haber compromiso de sus gobernantes.<\/p>\n\n\n\n<p>\u201cMi compromiso ser\u00e1 brindar lo mejor de m\u00ed para continuar transformando el rostro de nuestro municipio. Lleven este mensaje a sus familias y vecinos, porque es verdad que hoy juntos estamos transformando la historia de Santa Luc\u00eda del Camino\u201d, remarc\u00f3.<\/p>\n\n\n\n<p>En ese contexto, habl\u00f3 de las m\u00faltiples acciones que se han emprendido en todas las \u00e1reas, entre ellas el DIF Municipal, que encabeza su esposa Bety Santos, donde se ha consolidado la labor a favor de los segmentos vulnerables, trabajando arduamente en educaci\u00f3n y capacitaci\u00f3n, adem\u00e1s de impulsar el deporte y el combate a la violencia<\/p>\n\n\n\n<p>Reconoci\u00f3 el respaldo del mandatario estatal Jara Cruz, tanto en el inicio de la rehabilitaci\u00f3n de la avenida L\u00e1zaro C\u00e1rdenas, como en la reposici\u00f3n integral del drenaje en la colonia Fernando G\u00f3mez Sandoval, postergados por varios a\u00f1os; en este \u00faltimo caso se invierten cerca de 23 millones de pesos.<\/p>\n\n\n\n<p>SEGURIDAD, PRIORIDAD<\/p>\n\n\n\n<p>Entre otras cosas, indic\u00f3 que en materia de seguridad se han invertido recursos econ\u00f3micos y humanos sin precedentes, apostando principalmente a la tecnolog\u00eda.<\/p>\n\n\n\n<p>\u201cEn este segundo a\u00f1o se consolid\u00f3 la propuesta de campa\u00f1a y se cumplido lo prometido. Se ha bajado el \u00edndice delictivo que por muchos a\u00f1os estigmatizaba y azotaba al municipio.<\/p>\n\n\n\n<p>\u201cTenemos al d\u00eda de hoy un honroso cero en homicidios de alto impacto, reducido de manera importante la violencia contra las mujeres con estrategia integral y que ha dado resultados positivos, recuperado unidades de motor gracias a C2, complementado con sofisticados arcos de seguridad, adem\u00e1s de crear el grupo de Reacci\u00f3n Inmediata Motorizada\u201d, detall\u00f3.<\/p>\n\n\n\n<p>El edil garc\u00eda M\u00e1rquez recalc\u00f3 que todas las obras p\u00fablicas, entre ellas la perforaci\u00f3n de un nuevo pozo de agua potable, se han ejecutado con absoluta transparencia, con lo cual se han cumplido las exigencias de muchos a\u00f1os atr\u00e1s.<\/p>\n","protected":false},"excerpt":{"rendered":"<p>Raymundo Morales\/Zona Roja. Oaxaca de Ju\u00e1rez, Oax., a 3 de diciembre de 2023.- Al rendir&hellip;<\/p>\n","protected":false},"author":2,"featured_media":62801,"comment_status":"closed","ping_status":"open","sticky":false,"template":"","format":"standard","meta":{"_lmt_disableupdate":"","_lmt_disable":"","_jetpack_memberships_contains_paid_content":false,"footnotes":""},"categories":[109,46],"tags":[337],"class_list":["post-62821","post","type-post","status-publish","format-standard","has-post-thumbnail","hentry","category-minuto-a-minuto","category-zona-blanca","tag-santa-lucia-del-camino"],"jetpack_featured_media_url":"https:\/\/zonaroja.com.mx\/wp-content\/uploads\/2023\/12\/Santa-Lucia-Juan-Carlos-Garcia-y-Salomon-Jara.jpg","jetpack_sharing_enabled":true,"_links":{"self":[{"href":"https:\/\/zonaroja.com.mx\/index.php?rest_route=\/wp\/v2\/posts\/62821","targetHints":{"allow":["GET"]}}],"collection":[{"href":"https:\/\/zonaroja.com.mx\/index.php?rest_route=\/wp\/v2\/posts"}],"about":[{"href":"https:\/\/zonaroja.com.mx\/index.php?rest_route=\/wp\/v2\/types\/post"}],"author":[{"embeddable":true,"href":"https:\/\/zonaroja.com.mx\/index.php?rest_route=\/wp\/v2\/users\/2"}],"replies":[{"embeddable":true,"href":"https:\/\/zonaroja.com.mx\/index.php?rest_route=%2Fwp%2Fv2%2Fcomments&post=62821"}],"version-history":[{"count":1,"href":"https:\/\/zonaroja.com.mx\/index.php?rest_route=\/wp\/v2\/posts\/62821\/revisions"}],"predecessor-version":[{"id":62822,"href":"https:\/\/zonaroja.com.mx\/index.php?rest_route=\/wp\/v2\/posts\/62821\/revisions\/62822"}],"wp:featuredmedia":[{"embeddable":true,"href":"https:\/\/zonaroja.com.mx\/index.php?rest_route=\/wp\/v2\/media\/62801"}],"wp:attachment":[{"href":"https:\/\/zonaroja.com.mx\/index.php?rest_route=%2Fwp%2Fv2%2Fmedia&parent=62821"}],"wp:term":[{"taxonomy":"category","embeddable":true,"href":"https:\/\/zonaroja.com.mx\/index.php?rest_route=%2Fwp%2Fv2%2Fcategories&post=62821"},{"taxonomy":"post_tag","embeddable":true,"href":"https:\/\/zonaroja.com.mx\/index.php?rest_route=%2Fwp%2Fv2%2Ftags&post=62821"}],"curies":[{"name":"wp","href":"https:\/\/api.w.org\/{rel}","templated":true}]}}