{"id":62823,"date":"2023-12-03T21:21:26","date_gmt":"2023-12-04T03:21:26","guid":{"rendered":"http:\/\/www.zonaroja.com.mx\/?p=62823"},"modified":"2023-12-03T21:21:27","modified_gmt":"2023-12-04T03:21:27","slug":"a-unos-dias-de-dejar-el-pri-alejandro-murat-se-suma-a-claudia-sheinbaum","status":"publish","type":"post","link":"https:\/\/zonaroja.com.mx\/?p=62823","title":{"rendered":"A unos d\u00edas de dejar el PRI, Alejandro Murat se suma a Claudia Sheinbaum"},"content":{"rendered":"\n<p>Redacci\u00f3n\/Zona Roja Cdmx.<\/p>\n\n\n\n<p>Ciudad de M\u00e9xico, a 3 de diciembre de 2023.- A unas semanas de salir del PRI, el ex gobernador de Oaxaca, Alejandro Murat anunci\u00f3 que apoyar\u00e1 a la precandidata presidencial morenista, Claudia Sheinbaum en las \u00e1reas donde sea convocado.<\/p>\n\n\n\n<p>El ex priista fue visto hoy durante el evento de Sheinbaum donde present\u00f3 a quienes coordinar\u00e1n los llamados \u201cDi\u00e1logos por la Transformaci\u00f3n\u201d, que servir\u00e1n para la elaboraci\u00f3n de su plan de gobierno para el periodo 2024-2030.&nbsp;<\/p>\n\n\n\n<p>Ah\u00ed se\u00f1al\u00f3 a \u201cPajaro Pol\u00edtico\u201d que estar\u00eda trabajando y acompa\u00f1ando a la aspirante presidencial en sus esfuerzos para ser quien suceda a AMLO:&nbsp;<\/p>\n\n\n\n<p>\u201cHoy celebro que hay este espacio, sin duda que vamos a estar trabajando y acompa\u00f1ando a la doctora Claudia Sheinbaum en todas las \u00e1reas en donde nos convoque\u201d.<\/p>\n\n\n\n<p>Sobre si se unir\u00eda a las filas del partido guinda, se\u00f1al\u00f3 que se estaba uniendo a las filas de construir a M\u00e9xico: \u201cHoy estamos aqu\u00ed en las filas de construir a M\u00e9xico y esas son las que tenemos que seguir defendiendo\u201d.<\/p>\n\n\n\n<p>De igual modo, el ex priista asegur\u00f3 que ha tenido algunos acercamientos con la exjefa de Gobierno de la Ciudad de M\u00e9xico, aunque no aclar\u00f3 lo que ha platicado con ella.<\/p>\n\n\n\n<p>Tras su salida del partido tricolor, han sonado rumores de que el exgobernador podr\u00eda unirse a Morena e incluso por parte del guinda, obtendr\u00eda una candidatura para un espacio en el Senado de la Rep\u00fablica para el 2024.<\/p>\n\n\n\n<p>Pues desde noviembre, reconoci\u00f3 que ha mantenido acercamientos con Claudia debido a que guarda una mayor simpat\u00eda con ella: \u201ccon quien he tenido m\u00e1s simpat\u00eda y conozco, no hemos platicado mayormente, es con Claudia\u201d.<\/p>\n\n\n\n<p>Fue el pasado 18 de noviembre cuando el oaxaque\u00f1o renunci\u00f3 al partido anunciando que no pod\u00eda ser parte de algo que no lo defin\u00eda como pol\u00edtico ni era compatible con la visi\u00f3n de M\u00e9xico que \u00e9l buscaba.<\/p>\n\n\n\n<p>Adem\u00e1s anunci\u00f3 la creaci\u00f3n de la Alianza Progresista Por M\u00e9xico, la cual ser\u00eda un espacio \u201cpara que todas y todos los mexicanos sin distinci\u00f3n puedan participar\u201d.<\/p>\n\n\n\n<p>(Informaci\u00f3n de \u00abPol\u00edtico Mx\u00bb)<\/p>\n","protected":false},"excerpt":{"rendered":"<p>Redacci\u00f3n\/Zona Roja Cdmx. Ciudad de M\u00e9xico, a 3 de diciembre de 2023.- A unas semanas&hellip;<\/p>\n","protected":false},"author":2,"featured_media":62825,"comment_status":"closed","ping_status":"open","sticky":false,"template":"","format":"standard","meta":{"_lmt_disableupdate":"","_lmt_disable":"","_jetpack_memberships_contains_paid_content":false,"footnotes":""},"categories":[109,47],"tags":[173],"class_list":["post-62823","post","type-post","status-publish","format-standard","has-post-thumbnail","hentry","category-minuto-a-minuto","category-zona-gris","tag-alejandro-murat-hinojosa"],"jetpack_featured_media_url":"https:\/\/zonaroja.com.mx\/wp-content\/uploads\/2023\/12\/Alejandro-Murat-con-Claudia-Sheinbaum.jpeg","jetpack_sharing_enabled":true,"_links":{"self":[{"href":"https:\/\/zonaroja.com.mx\/index.php?rest_route=\/wp\/v2\/posts\/62823","targetHints":{"allow":["GET"]}}],"collection":[{"href":"https:\/\/zonaroja.com.mx\/index.php?rest_route=\/wp\/v2\/posts"}],"about":[{"href":"https:\/\/zonaroja.com.mx\/index.php?rest_route=\/wp\/v2\/types\/post"}],"author":[{"embeddable":true,"href":"https:\/\/zonaroja.com.mx\/index.php?rest_route=\/wp\/v2\/users\/2"}],"replies":[{"embeddable":true,"href":"https:\/\/zonaroja.com.mx\/index.php?rest_route=%2Fwp%2Fv2%2Fcomments&post=62823"}],"version-history":[{"count":1,"href":"https:\/\/zonaroja.com.mx\/index.php?rest_route=\/wp\/v2\/posts\/62823\/revisions"}],"predecessor-version":[{"id":62826,"href":"https:\/\/zonaroja.com.mx\/index.php?rest_route=\/wp\/v2\/posts\/62823\/revisions\/62826"}],"wp:featuredmedia":[{"embeddable":true,"href":"https:\/\/zonaroja.com.mx\/index.php?rest_route=\/wp\/v2\/media\/62825"}],"wp:attachment":[{"href":"https:\/\/zonaroja.com.mx\/index.php?rest_route=%2Fwp%2Fv2%2Fmedia&parent=62823"}],"wp:term":[{"taxonomy":"category","embeddable":true,"href":"https:\/\/zonaroja.com.mx\/index.php?rest_route=%2Fwp%2Fv2%2Fcategories&post=62823"},{"taxonomy":"post_tag","embeddable":true,"href":"https:\/\/zonaroja.com.mx\/index.php?rest_route=%2Fwp%2Fv2%2Ftags&post=62823"}],"curies":[{"name":"wp","href":"https:\/\/api.w.org\/{rel}","templated":true}]}}