{"id":62832,"date":"2023-12-04T08:20:00","date_gmt":"2023-12-04T14:20:00","guid":{"rendered":"http:\/\/www.zonaroja.com.mx\/?p=62832"},"modified":"2023-12-04T07:34:12","modified_gmt":"2023-12-04T13:34:12","slug":"matan-a-dos-individuos-en-mixtequilla-y-a-veracruzano-en-maria-lombardo","status":"publish","type":"post","link":"https:\/\/zonaroja.com.mx\/?p=62832","title":{"rendered":"Matan a dos individuos en Mixtequilla y a veracruzano en Mar\u00eda Lombardo"},"content":{"rendered":"\n<p>Redacci\u00f3n\/Zona Roja.<\/p>\n\n\n\n<p>Oaxaca de Ju\u00e1rez, Oax., a 4 de diciembre de 2023.- Dos personas fueron asesinadas en los \u00faltimos minutos de anoche en Santa Mar\u00eda Mixtequilla, municipio de la regi\u00f3n del Istmo de Tehuantepec.<\/p>\n\n\n\n<p>De acuerdo con reportes preliminares, el ataque armado ocurri\u00f3 en la colonia Nizabiguidi y hasta el momento las v\u00edctimas no han sido identificadas. La Vicefiscal\u00eda Regional del Istmo inici\u00f3 las indagatorias para esclarecer los hechos.<\/p>\n\n\n\n<p>Horas antes, en Mar\u00eda Lombardo, agencia del municipio de San Juan Cotzoc\u00f3n, en la zona del Bajo Mixe, fue asesinado un individuo, identificado como Francisco A. L., alias \u201cEl Panch\u00edn\u201d, presuntamente hijo de la presidenta municipal de Santiago Sochi\u00e1pam, Veracruz.<\/p>\n\n\n\n<p>Hasta el momento se desconoce el m\u00f3vil y las causas del crimen, de cuyo caso las autoridades guardan hermetismo.<\/p>\n\n\n\n<p>Mientras tanto, en la ciudad de Oaxaca, ayer domingo por la ma\u00f1ana una agresi\u00f3n armada dej\u00f3 como saldo dos personas lesionadas.<\/p>\n\n\n\n<p>Ocurri\u00f3 en la calle Rub\u00ed de la colonia Centenario, en que presuntamente dos individuos llegaron a cobrar una deuda de 10 mil pesos pero fueron recibidos a balazos por los ocupantes del domicilio.<\/p>\n\n\n\n<p>Como resultado de ello resultado heridos Antonio N. y Sergio L., quienes fueron trasladados a un hospital; tambi\u00e9n qued\u00f3 da\u00f1ado un veh\u00edculo de motor y no hay personas detenidas.<\/p>\n","protected":false},"excerpt":{"rendered":"<p>Redacci\u00f3n\/Zona Roja. Oaxaca de Ju\u00e1rez, Oax., a 4 de diciembre de 2023.- Dos personas fueron&hellip;<\/p>\n","protected":false},"author":2,"featured_media":38093,"comment_status":"closed","ping_status":"open","sticky":false,"template":"","format":"standard","meta":{"_lmt_disableupdate":"","_lmt_disable":"","_jetpack_memberships_contains_paid_content":false,"footnotes":""},"categories":[109,51],"tags":[2138],"class_list":["post-62832","post","type-post","status-publish","format-standard","has-post-thumbnail","hentry","category-minuto-a-minuto","category-zona-roja","tag-santa-maria-mixtequilla"],"jetpack_featured_media_url":"https:\/\/zonaroja.com.mx\/wp-content\/uploads\/2022\/02\/Policia-escena-seguridad-violencia-crimen.jpg","jetpack_sharing_enabled":true,"_links":{"self":[{"href":"https:\/\/zonaroja.com.mx\/index.php?rest_route=\/wp\/v2\/posts\/62832","targetHints":{"allow":["GET"]}}],"collection":[{"href":"https:\/\/zonaroja.com.mx\/index.php?rest_route=\/wp\/v2\/posts"}],"about":[{"href":"https:\/\/zonaroja.com.mx\/index.php?rest_route=\/wp\/v2\/types\/post"}],"author":[{"embeddable":true,"href":"https:\/\/zonaroja.com.mx\/index.php?rest_route=\/wp\/v2\/users\/2"}],"replies":[{"embeddable":true,"href":"https:\/\/zonaroja.com.mx\/index.php?rest_route=%2Fwp%2Fv2%2Fcomments&post=62832"}],"version-history":[{"count":1,"href":"https:\/\/zonaroja.com.mx\/index.php?rest_route=\/wp\/v2\/posts\/62832\/revisions"}],"predecessor-version":[{"id":62833,"href":"https:\/\/zonaroja.com.mx\/index.php?rest_route=\/wp\/v2\/posts\/62832\/revisions\/62833"}],"wp:featuredmedia":[{"embeddable":true,"href":"https:\/\/zonaroja.com.mx\/index.php?rest_route=\/wp\/v2\/media\/38093"}],"wp:attachment":[{"href":"https:\/\/zonaroja.com.mx\/index.php?rest_route=%2Fwp%2Fv2%2Fmedia&parent=62832"}],"wp:term":[{"taxonomy":"category","embeddable":true,"href":"https:\/\/zonaroja.com.mx\/index.php?rest_route=%2Fwp%2Fv2%2Fcategories&post=62832"},{"taxonomy":"post_tag","embeddable":true,"href":"https:\/\/zonaroja.com.mx\/index.php?rest_route=%2Fwp%2Fv2%2Ftags&post=62832"}],"curies":[{"name":"wp","href":"https:\/\/api.w.org\/{rel}","templated":true}]}}