{"id":62845,"date":"2023-12-04T11:29:00","date_gmt":"2023-12-04T17:29:00","guid":{"rendered":"http:\/\/www.zonaroja.com.mx\/?p=62845"},"modified":"2023-12-04T08:30:38","modified_gmt":"2023-12-04T14:30:38","slug":"dos-oaxaquenas-integran-equipo-de-sheinbaum-para-foros-nacionales","status":"publish","type":"post","link":"https:\/\/zonaroja.com.mx\/?p=62845","title":{"rendered":"Dos oaxaque\u00f1as integran equipo de Sheinbaum para foros nacionales"},"content":{"rendered":"\n<p>Raymundo Morales\/Zona Roja.<\/p>\n\n\n\n<p>Oaxaca de Ju\u00e1rez, Oax., a 4 de diciembre de 2023.- Dos oaxaque\u00f1as fueron incorporadas ayer por Claudia Sheinbaum Pardo a su equipo t\u00e9cnico que organiza los foros del \u201cDi\u00e1logos por la transformaci\u00f3n para el proyecto de naci\u00f3n\u201d.<\/p>\n\n\n\n<p>Se trata de la senadora por Morena, Susana Harp Iturribarr\u00eda, actual presidenta de la Comisi\u00f3n de Cultura en la C\u00e1mara alta, y la escritora y poetisa Irma Pineda, originaria de Juchit\u00e1n de Zaragoza.<\/p>\n\n\n\n<p>Ser\u00e1n responsables de establecer los acercamientos con el sector cultural del pa\u00eds, para recabar las inquietudes y propuestas y con ello conformar el play de desarrollo de Sheinbaum, que implementar\u00eda en caso de ganar la contienda por la Presidencia de la Rep\u00fablica.<\/p>\n\n\n\n<p>El amplio y plural equipo estar\u00e1 coordinado por el doctor Juan Ram\u00f3n de la Fuente y se pretende tejer puentes de di\u00e1logos &nbsp;con los &nbsp;diferentes sectores de la sociedad.<\/p>\n\n\n\n<p>Tambi\u00e9n est\u00e1 conformado por el panista Javier Corral, Gerardo Esquivel, Omar Garc\u00eda Harfuch, Jorge Islas Samperio, David Kershenovich, Lorenzo Mayer, Jos\u00e9 Merino, Rosaura Ruiz, Olga S\u00e1nchez Cordero, Violeta V\u00e1zquez Rojas, Arturo Zald\u00edvar y Diana Alarc\u00f3n.<\/p>\n","protected":false},"excerpt":{"rendered":"<p>Raymundo Morales\/Zona Roja. Oaxaca de Ju\u00e1rez, Oax., a 4 de diciembre de 2023.- Dos oaxaque\u00f1as&hellip;<\/p>\n","protected":false},"author":2,"featured_media":62838,"comment_status":"closed","ping_status":"open","sticky":false,"template":"","format":"standard","meta":{"_lmt_disableupdate":"","_lmt_disable":"","_jetpack_memberships_contains_paid_content":false,"footnotes":""},"categories":[109,46],"tags":[3370],"class_list":["post-62845","post","type-post","status-publish","format-standard","has-post-thumbnail","hentry","category-minuto-a-minuto","category-zona-blanca","tag-claudia-sheinbaum"],"jetpack_featured_media_url":"https:\/\/zonaroja.com.mx\/wp-content\/uploads\/2023\/12\/Susana-Harp-y-Claudia-Sheinbaum.jpg","jetpack_sharing_enabled":true,"_links":{"self":[{"href":"https:\/\/zonaroja.com.mx\/index.php?rest_route=\/wp\/v2\/posts\/62845","targetHints":{"allow":["GET"]}}],"collection":[{"href":"https:\/\/zonaroja.com.mx\/index.php?rest_route=\/wp\/v2\/posts"}],"about":[{"href":"https:\/\/zonaroja.com.mx\/index.php?rest_route=\/wp\/v2\/types\/post"}],"author":[{"embeddable":true,"href":"https:\/\/zonaroja.com.mx\/index.php?rest_route=\/wp\/v2\/users\/2"}],"replies":[{"embeddable":true,"href":"https:\/\/zonaroja.com.mx\/index.php?rest_route=%2Fwp%2Fv2%2Fcomments&post=62845"}],"version-history":[{"count":1,"href":"https:\/\/zonaroja.com.mx\/index.php?rest_route=\/wp\/v2\/posts\/62845\/revisions"}],"predecessor-version":[{"id":62846,"href":"https:\/\/zonaroja.com.mx\/index.php?rest_route=\/wp\/v2\/posts\/62845\/revisions\/62846"}],"wp:featuredmedia":[{"embeddable":true,"href":"https:\/\/zonaroja.com.mx\/index.php?rest_route=\/wp\/v2\/media\/62838"}],"wp:attachment":[{"href":"https:\/\/zonaroja.com.mx\/index.php?rest_route=%2Fwp%2Fv2%2Fmedia&parent=62845"}],"wp:term":[{"taxonomy":"category","embeddable":true,"href":"https:\/\/zonaroja.com.mx\/index.php?rest_route=%2Fwp%2Fv2%2Fcategories&post=62845"},{"taxonomy":"post_tag","embeddable":true,"href":"https:\/\/zonaroja.com.mx\/index.php?rest_route=%2Fwp%2Fv2%2Ftags&post=62845"}],"curies":[{"name":"wp","href":"https:\/\/api.w.org\/{rel}","templated":true}]}}