{"id":6285,"date":"2019-12-02T19:32:11","date_gmt":"2019-12-03T01:32:11","guid":{"rendered":"http:\/\/www.zonaroja.com.mx\/?p=6285"},"modified":"2019-12-02T19:36:47","modified_gmt":"2019-12-03T01:36:47","slug":"ni-a-su-personal-procura-justicia-la-fiscalia-trabajadores-incrementan-protestas","status":"publish","type":"post","link":"https:\/\/zonaroja.com.mx\/?p=6285","title":{"rendered":"Ni a su personal procura justicia la Fiscal\u00eda; trabajadores incrementan protestas"},"content":{"rendered":"\n<p>Redacci\u00f3n\/Zona Roja.<\/p>\n\n\n\n<p>Oaxaca de Ju\u00e1rez, Oax., 2 de diciembre\nde 2019.- Sindicalizados de la Fiscal\u00eda General del Estado de Oaxaca acusaron\nnepotismo y acoso laboral por parte de varios funcionarios, por lo cual\niniciaron este lunes una serie de protestas.<\/p>\n\n\n\n<p>Y ante la nula atenci\u00f3n del titular de la dependencia, Rub\u00e9n Vasconcelos M\u00e9ndez, incrementaron esta noche la \u201ctoma\u201d de oficinas.<\/p>\n\n\n\n<p>De acuerdo con los afiliados al Sindicato de Trabajadores al Servicio de los Poderes del Estado e Instituciones Descentralizadas de Car\u00e1cter Estatal, la Fiscal\u00eda tiene diversos pendientes administrativos, que se ha negado a cumplir.<\/p>\n\n\n\n<figure class=\"wp-block-embed-twitter wp-block-embed is-type-rich is-provider-twitter\"><div class=\"wp-block-embed__wrapper\">\n<div class=\"twitter-tweet\"><blockquote class=\"twitter-tweet\" data-lang=\"es\"><p lang=\"es\" dir=\"ltr\"><a href=\"https:\/\/twitter.com\/hashtag\/OaxacaGris?src=hash&amp;ref_src=twsrc%5Etfw\">#OaxacaGris<\/a><a href=\"https:\/\/twitter.com\/hashtag\/ProcuramosInjusticiaParaTi?src=hash&amp;ref_src=twsrc%5Etfw\">#ProcuramosInjusticiaParaTi<\/a><br>Adem\u00e1s de acusar incumplimientos del titular <a href=\"https:\/\/twitter.com\/RVasconcelosM?ref_src=twsrc%5Etfw\">@RVasconcelosM<\/a>, ahora trabajadores denuncian nepotismo y acoso laboral en la <a href=\"https:\/\/twitter.com\/FISCALIA_GobOax?ref_src=twsrc%5Etfw\">@FISCALIA_GobOax<\/a>; ni a su personal procura justicia. <a href=\"https:\/\/twitter.com\/Tomas7J?ref_src=twsrc%5Etfw\">@Tomas7J<\/a> <a href=\"https:\/\/twitter.com\/heyoaxacamx?ref_src=twsrc%5Etfw\">@heyoaxacamx<\/a> <a href=\"https:\/\/twitter.com\/HdezTorres1?ref_src=twsrc%5Etfw\">@HdezTorres1<\/a> <a href=\"https:\/\/twitter.com\/AmpmOaxaca?ref_src=twsrc%5Etfw\">@AmpmOaxaca<\/a> <a href=\"https:\/\/twitter.com\/ELPINERO?ref_src=twsrc%5Etfw\">@ELPINERO<\/a> <a href=\"https:\/\/t.co\/9QJtwa4ndx\">pic.twitter.com\/9QJtwa4ndx<\/a><\/p>&mdash; Zona Roja Oaxaca (@MexRoja) <a href=\"https:\/\/twitter.com\/MexRoja\/status\/1201607593678065669?ref_src=twsrc%5Etfw\">2 de diciembre de 2019<\/a><\/blockquote><\/div>\n<\/div><\/figure>\n\n\n\n<p>Denunciaron falta de material de\ntrabajo, prestaciones internas que no se han liquidado desde hace medio a\u00f1o,\nentre otros.<\/p>\n\n\n\n<p>Por ello durante la ma\u00f1ana cerraron los\naccesos a los edificios \u201cChu\u201d Rasgado y \u00c1lvaro Carrillo, en Ciudad Judicial,\ncomplejo de oficinas situado en Reyes Mantec\u00f3n.<\/p>\n\n\n\n<p>En respuesta el fiscal Vasconcelos\nM\u00e9ndez envi\u00f3 al Oficial Mayor, Severino Rojas L\u00e1zaro, pero fue rechazado por \u201cdebido\na sus antecedentes laborales y que acosaba a las f\u00e9minas y en lo laboral\nservidor p\u00fablico d\u00e9spota\u201d.<\/p>\n\n\n\n<p>Asimismo, acusaron acoso laboral y despotismo\npor parte de Mariana Z\u00fa\u00f1iga Res\u00e9ndiz, donde mantiene a presuntos \u201caviadores\u201d.<\/p>\n\n\n\n<p>A falta de atenci\u00f3n, poco antes de las siete de la noche el personal sindicalizado se extendi\u00f3 hacia los dem\u00e1s edificios de la Fiscal\u00eda General, entre ellos el complejo central ubicado en la calle de Arista del Centro Hist\u00f3rico, la sede de la Fisca\u00eda Especializada en Delitos por Raz\u00f3n de G\u00e9nero y el edificio de La Experimental, San Antonio de la Cal.<\/p>\n\n\n\n<p>A falta de presencia del fiscal Vasconcelos M\u00e9ndez, amagaron con generalizar el paro este martes.<\/p>\n\n\n\n<figure class=\"wp-block-image\"><img decoding=\"async\" width=\"1024\" height=\"576\" src=\"http:\/\/www.zonaroja.com.mx\/wp-content\/uploads\/2019\/12\/Protesta-trabajadores-Fiscal\u00eda-3-1024x576.jpg\" alt=\"\" class=\"wp-image-6286\" srcset=\"https:\/\/zonaroja.com.mx\/wp-content\/uploads\/2019\/12\/Protesta-trabajadores-Fiscal\u00eda-3-1024x576.jpg 1024w, https:\/\/zonaroja.com.mx\/wp-content\/uploads\/2019\/12\/Protesta-trabajadores-Fiscal\u00eda-3-300x169.jpg 300w, https:\/\/zonaroja.com.mx\/wp-content\/uploads\/2019\/12\/Protesta-trabajadores-Fiscal\u00eda-3-768x432.jpg 768w, https:\/\/zonaroja.com.mx\/wp-content\/uploads\/2019\/12\/Protesta-trabajadores-Fiscal\u00eda-3-1170x658.jpg 1170w, https:\/\/zonaroja.com.mx\/wp-content\/uploads\/2019\/12\/Protesta-trabajadores-Fiscal\u00eda-3-585x329.jpg 585w, https:\/\/zonaroja.com.mx\/wp-content\/uploads\/2019\/12\/Protesta-trabajadores-Fiscal\u00eda-3.jpg 1280w\" sizes=\"(max-width: 1024px) 100vw, 1024px\" \/><\/figure>\n","protected":false},"excerpt":{"rendered":"<p>Redacci\u00f3n\/Zona Roja. Oaxaca de Ju\u00e1rez, Oax., 2 de diciembre de 2019.- Sindicalizados de la Fiscal\u00eda&hellip;<\/p>\n","protected":false},"author":2,"featured_media":6287,"comment_status":"closed","ping_status":"open","sticky":false,"template":"","format":"standard","meta":{"_lmt_disableupdate":"","_lmt_disable":"","_jetpack_memberships_contains_paid_content":false,"footnotes":""},"categories":[109,47],"tags":[494,170],"class_list":["post-6285","post","type-post","status-publish","format-standard","has-post-thumbnail","hentry","category-minuto-a-minuto","category-zona-gris","tag-fiscalia-general-del-estado-de-oaxaca","tag-ruben-vasconcelos-mendez"],"jetpack_featured_media_url":"https:\/\/zonaroja.com.mx\/wp-content\/uploads\/2019\/12\/Protesta-trabajadores-Fiscal\u00eda-1.jpg","jetpack_sharing_enabled":true,"_links":{"self":[{"href":"https:\/\/zonaroja.com.mx\/index.php?rest_route=\/wp\/v2\/posts\/6285","targetHints":{"allow":["GET"]}}],"collection":[{"href":"https:\/\/zonaroja.com.mx\/index.php?rest_route=\/wp\/v2\/posts"}],"about":[{"href":"https:\/\/zonaroja.com.mx\/index.php?rest_route=\/wp\/v2\/types\/post"}],"author":[{"embeddable":true,"href":"https:\/\/zonaroja.com.mx\/index.php?rest_route=\/wp\/v2\/users\/2"}],"replies":[{"embeddable":true,"href":"https:\/\/zonaroja.com.mx\/index.php?rest_route=%2Fwp%2Fv2%2Fcomments&post=6285"}],"version-history":[{"count":2,"href":"https:\/\/zonaroja.com.mx\/index.php?rest_route=\/wp\/v2\/posts\/6285\/revisions"}],"predecessor-version":[{"id":6289,"href":"https:\/\/zonaroja.com.mx\/index.php?rest_route=\/wp\/v2\/posts\/6285\/revisions\/6289"}],"wp:featuredmedia":[{"embeddable":true,"href":"https:\/\/zonaroja.com.mx\/index.php?rest_route=\/wp\/v2\/media\/6287"}],"wp:attachment":[{"href":"https:\/\/zonaroja.com.mx\/index.php?rest_route=%2Fwp%2Fv2%2Fmedia&parent=6285"}],"wp:term":[{"taxonomy":"category","embeddable":true,"href":"https:\/\/zonaroja.com.mx\/index.php?rest_route=%2Fwp%2Fv2%2Fcategories&post=6285"},{"taxonomy":"post_tag","embeddable":true,"href":"https:\/\/zonaroja.com.mx\/index.php?rest_route=%2Fwp%2Fv2%2Ftags&post=6285"}],"curies":[{"name":"wp","href":"https:\/\/api.w.org\/{rel}","templated":true}]}}